{"id":26735,"date":"2021-12-21T08:05:37","date_gmt":"2021-12-21T07:05:37","guid":{"rendered":"https:\/\/guineechrono.com\/?p=26735"},"modified":"2021-12-21T08:05:37","modified_gmt":"2021-12-21T07:05:37","slug":"conakry-les-travaux-de-la-premiere-edition-du-salon-de-lindustrie-de-guinee-lances","status":"publish","type":"post","link":"https:\/\/guineechrono.com\/index.php\/conakry-les-travaux-de-la-premiere-edition-du-salon-de-lindustrie-de-guinee-lances\/","title":{"rendered":"Conakry: les travaux de la premi\u00e8re \u00e9dition du salon de l\u2019industrie de Guin\u00e9e lanc\u00e9s"},"content":{"rendered":"<p><strong>Comme pr\u00e9vu, le minist\u00e8re du commerce, de l\u2019industrie et des Petites et Moyennes Entreprises en partenariat avec l\u2019organisation des nations unies pour le d\u00e9veloppement industriel (ONUDI) a organis\u00e9 ce lundi, 20 d\u00e9cembre 2021, la premi\u00e8re \u00e9dition du salon de l\u2019industrie de Guin\u00e9e (SIG 2021) \u00e0 Conakry. C\u2019est \u00a0le premier ministre, Mohamed Beavogui, qui a lanc\u00e9 les travaux\u00a0 sous le th\u00e8me : \u2018\u2019industrie et chaine de valeur, vecteur de croissance inclusive\u2019\u2019.<\/strong><\/p>\n<p>Dans son discours, Alphadjo Idriss Hann, pr\u00e9sident du Comit\u00e9 d\u2019organisation a soulign\u00e9 que\u00a0 ce salon de l\u2019industrie de Guin\u00e9e vise un d\u00e9fi, celui de marquer de fa\u00e7on irr\u00e9versible le grand retour de l\u2019industrie guin\u00e9enne, de conforter et de d\u00e9velopper les activit\u00e9s des diff\u00e9rents exposants et des visiteurs pendant cette p\u00e9riode si particuli\u00e8re de pand\u00e9mie \u00e0 Covid-19.<\/p>\n<p>\u00abCe salon sera marqu\u00e9 par des panels de haut niveau, des ateliers de vulgarisation du cadre de programmation pays con\u00e7u pour intensifier l\u2019appui de l\u2019ONUDI au Gouvernement Guin\u00e9en, pour un d\u00e9veloppement industriel inclusif et durable d\u2019un montant de 22 millions de USD et du diagnostic du secteur industriel. Les \u00e9changes autour de ce th\u00e8me devront nous conduire \u00e0 une meilleure compr\u00e9hension des probl\u00e9matiques et les enjeux li\u00e9s \u00e1 la performance industrielle. Pour ce faire, il s\u2019agira de: Favoriser des gains de productivit\u00e9, am\u00e9liorer la qualit\u00e9 des produits pour une meilleure comp\u00e9titivit\u00e9 du tissu industriel afin de saisir les opportunit\u00e9s offertes par la ZLECAF. Optimiser la gestion des chaines de valeurs pour maximiser la cr\u00e9ation d\u2019emplois manufacturiers, sensibiliser les chefs d\u2019entreprises sur la n\u00e9cessit\u00e9 d\u2019avoir des ressources humaines qualifi\u00e9es en ad\u00e9quation \u00e0 la 4\u00e8me r\u00e9volution industrielle\u00a0\u00bb.<\/p>\n<p>De son c\u00f4t\u00e9, le ministre du commerce, de l\u2019industrie et des PME, Bernard Goumou s\u2019est r\u00e9joui de cette initiative. \u00ab Le salon de l\u2019industrie de Guin\u00e9e 2021 se veut une interface de consultation, de rencontre, de partage d\u2019exp\u00e9riences et de savoir-faire entre les comp\u00e9tences guin\u00e9ennes, africaines et mondiales dans le domaine du d\u00e9veloppement industriel. Par ailleurs, il permettra de mettre en place des outils n\u00e9cessaires \u00e0 l\u2019atteinte des objectifs d\u2019un d\u00e9veloppement durable et inclusif. Au cours de cette premi\u00e8re \u00e9dition du salon de l\u2019industrie de Guin\u00e9e, d\u2019importants sujets seront trait\u00e9s dans les domaines aussi divers que vari\u00e9s notamment l\u2019industrie, l\u2019agro-business, la zone libre \u00e9change continentale africaine, la formation, l\u2019environnement, la s\u00e9curit\u00e9 au travail, les technologies de l\u2019information et de communication, l\u2019industrie mini\u00e8re, l\u2019\u00e9nergie, l\u2019agriculture et le transport\u00a0\u00bb.<\/p>\n<p>Pour sa part, le premier ministre, Mohamed B\u00e9avogui a f\u00e9licit\u00e9 les partenaires et les organisateurs de cet \u00e9v\u00e8nement. \u00ab La pr\u00e9sente rencontre consacre le lancement des activit\u00e9s du salon de l\u2019industrie guin\u00e9enne, coupl\u00e9 cette ann\u00e9e avec la journ\u00e9e internationale de l\u2019industrialisation de l\u2019Afrique en collaboration avec l\u2019ONUDI. Le salon de l\u2019industrie de Guin\u00e9e, est une opportunit\u00e9 offerte aux acteurs et aux partenaires du secteur priv\u00e9 d\u2019\u00e9changer sur la probl\u00e9matique et les enjeux li\u00e9s \u00e0 l\u2019industrialisation de la Guin\u00e9e. Le secteur priv\u00e9 guin\u00e9en continue d\u2019\u00eatre confront\u00e9 \u00e0 d\u2019\u00e9normes d\u00e9fis qui emp\u00eachent de jouer pleinement son r\u00f4le de moteur de la croissance \u00e9conomique. C\u2019est pourquoi, nous accordons \u00e0 l\u2019industrie guin\u00e9enne toute sa place dans le d\u00e9veloppement inclusif et durable de la Guin\u00e9e\u00a0\u00bb.<\/p>\n<p>Il faut noter que cette premi\u00e8re \u00e9dition prend fin ce mardi 21 d\u00e9cembre 2021 \u00e0 Conakry.<\/p>\n<p><strong>Aboubacar P Camara <\/strong><\/p>\n<p><strong>\u00a0<\/strong><\/p>\n","protected":false},"excerpt":{"rendered":"<p>Comme pr\u00e9vu, le minist\u00e8re du commerce, de l\u2019industrie et des Petites et Moyennes Entreprises en partenariat avec l\u2019organisation des nations unies pour le d\u00e9veloppement industriel (ONUDI) a organis\u00e9 ce lundi, 20 d\u00e9cembre 2021, la premi\u00e8re \u00e9dition du salon de l\u2019industrie de Guin\u00e9e (SIG 2021) \u00e0 Conakry. C\u2019est \u00a0le premier ministre, Mohamed Beavogui, qui a lanc\u00e9 [&hellip;]<\/p>\n","protected":false},"author":2,"featured_media":26736,"comment_status":"open","ping_status":"closed","sticky":false,"template":"","format":"standard","meta":{"buzzeditor_post_format":"","footnotes":""},"categories":[44],"tags":[],"class_list":["post-26735","post","type-post","status-publish","format-standard","has-post-thumbnail","hentry","category-economie"],"jetpack_featured_media_url":"https:\/\/guineechrono.com\/wp-content\/uploads\/2021\/12\/salonn.jpg","amp_enabled":true,"_links":{"self":[{"href":"https:\/\/guineechrono.com\/index.php\/wp-json\/wp\/v2\/posts\/26735","targetHints":{"allow":["GET"]}}],"collection":[{"href":"https:\/\/guineechrono.com\/index.php\/wp-json\/wp\/v2\/posts"}],"about":[{"href":"https:\/\/guineechrono.com\/index.php\/wp-json\/wp\/v2\/types\/post"}],"author":[{"embeddable":true,"href":"https:\/\/guineechrono.com\/index.php\/wp-json\/wp\/v2\/users\/2"}],"replies":[{"embeddable":true,"href":"https:\/\/guineechrono.com\/index.php\/wp-json\/wp\/v2\/comments?post=26735"}],"version-history":[{"count":0,"href":"https:\/\/guineechrono.com\/index.php\/wp-json\/wp\/v2\/posts\/26735\/revisions"}],"wp:featuredmedia":[{"embeddable":true,"href":"https:\/\/guineechrono.com\/index.php\/wp-json\/wp\/v2\/media\/26736"}],"wp:attachment":[{"href":"https:\/\/guineechrono.com\/index.php\/wp-json\/wp\/v2\/media?parent=26735"}],"wp:term":[{"taxonomy":"category","embeddable":true,"href":"https:\/\/guineechrono.com\/index.php\/wp-json\/wp\/v2\/categories?post=26735"},{"taxonomy":"post_tag","embeddable":true,"href":"https:\/\/guineechrono.com\/index.php\/wp-json\/wp\/v2\/tags?post=26735"}],"curies":[{"name":"wp","href":"https:\/\/api.w.org\/{rel}","templated":true}]}}