{"id":26743,"date":"2021-12-22T01:36:34","date_gmt":"2021-12-22T00:36:34","guid":{"rendered":"https:\/\/guineechrono.com\/?p=26743"},"modified":"2021-12-22T01:36:34","modified_gmt":"2021-12-22T00:36:34","slug":"conakry-le-president-de-lunion-des-consommateurs-de-guinee-se-dit-satisfait-de-la-tenue-de-la-1ere-edition-du-sig","status":"publish","type":"post","link":"https:\/\/guineechrono.com\/index.php\/conakry-le-president-de-lunion-des-consommateurs-de-guinee-se-dit-satisfait-de-la-tenue-de-la-1ere-edition-du-sig\/","title":{"rendered":"Conakry: le pr\u00e9sident de l\u2019union des consommateurs de guin\u00e9e se dit satisfait de la tenue de la 1\u00e8re \u00e9dition du SIG"},"content":{"rendered":"<p><strong>Du 20 au\u00a0 21 d\u00e9cembre 2021, Conakry a abrit\u00e9 la premi\u00e8re \u00e9dition du salon de l\u2019industrie de guin\u00e9e sous le th\u00e8me\u00a0: \u2018\u2019industrie et chaine de valeurs, vecteurs de croissance inclusive\u2019\u2019.\u00a0C\u2019est une organisation du Minist\u00e8re du Commerce, de l\u2019Industrie et des PME en partenariat\u00a0 avec l\u2019appui de l\u2019ONUDI.<\/strong><\/p>\n<p>Apr\u00e8s deux jours de travaux intenses, le pr\u00e9sident de l\u2019union des consommateurs de guin\u00e9e (UCG), Mr. Ousmane Keita se dit satisfait de\u00a0 la tenue de la 1<sup>\u00e8re<\/sup> \u00e9dition du salon de l\u2019industrie de guin\u00e9e. Il l\u2019a fait savoir au cours d\u2019une interview accord\u00e9e \u00e0 notre r\u00e9daction au sortir de la rencontre.\u00a0 \u00ab\u00a0Je pense qu\u2019il faut vraiment f\u00e9liciter le ministre du commerce de l\u2019industrie et des PME. \u00a0Franchement, il a fait un excellent travail, aujourd\u2019hui nous avons pu connaitre toutes les probl\u00e9matiques qui tournent au tour de l\u2019industrialisation de notre pays, nous a pu toucher du doigt les pistes de r\u00e9flexions qui ont \u00e9t\u00e9 donn\u00e9s par les pan\u00e9listes qui sont les pan\u00e9listes de choix et de taille, et nous avons pu comprendre que ces pistes de solution allaient certainement aboutir \u00e0 un r\u00e9sultat heureux qui est l\u2019industrialisation du pays , vu que tous les volets \u00e9taient touch\u00e9s surtout le contenus local\u00a0\u00bb.<\/p>\n<p>Poursuivant, a remerci\u00e9 le pr\u00e9sident de la r\u00e9publique de guin\u00e9e et son gouvernement d\u2019avoir soutenu une telle initiative. \u00ab\u00a0Je salue la volont\u00e9 de toutes les autorit\u00e9s \u00e0 commencer par le pr\u00e9sident de la r\u00e9publique, chef de l\u2019Etat, colonel Mamadi Doumbouya, par le ministre du commerce de l\u2019industrie et des PME et l\u2019ensemble des membres du gouvernement, de vouloir faire de la guin\u00e9e un pays qui avance industriellement et chaque volont\u00e9 l\u00e0 peut nous amener \u00e0 pouvoir atteindre nos objectifs\u00a0\u00bb.<\/p>\n<p>Pour terminer, Mr. Ousmane Keita les nouvelles autorit\u00e9s et la population au travail. \u00ab\u00a0Je dirai tout simplement aux nouvelles autorit\u00e9s de continuer les efforts, de faire en sorte que ce r\u00e9sultat l\u00e0 nous am\u00e8ne \u00e0 r\u00e9duire nos importations, \u00e0\u00a0 profiter de la production de nos producteurs locaux. \u00a0Je voudrais demander \u00e0 toute la population de commencer le travail, \u00e0 ceux qui ont envie d\u2019\u00eatre op\u00e9rateurs \u00e9conomiques, d\u2019avoir de l\u2019espoir, l\u2019espoir \u00e0 nos autorit\u00e9s, l\u2019espoir \u00e0 toutes les dispositions qui ont \u00e9t\u00e9 mise en place pour qu\u2019on puisse s\u2019industrialiser\u00a0\u00bb, conclut-il.<\/p>\n<p><strong>Aboubacar P Camara<\/strong><\/p>\n<p><strong>00224 628 08 45 86<\/strong><\/p>\n<p>&nbsp;<\/p>\n","protected":false},"excerpt":{"rendered":"<p>Du 20 au\u00a0 21 d\u00e9cembre 2021, Conakry a abrit\u00e9 la premi\u00e8re \u00e9dition du salon de l\u2019industrie de guin\u00e9e sous le th\u00e8me\u00a0: \u2018\u2019industrie et chaine de valeurs, vecteurs de croissance inclusive\u2019\u2019.\u00a0C\u2019est une organisation du Minist\u00e8re du Commerce, de l\u2019Industrie et des PME en partenariat\u00a0 avec l\u2019appui de l\u2019ONUDI. Apr\u00e8s deux jours de travaux intenses, le pr\u00e9sident [&hellip;]<\/p>\n","protected":false},"author":2,"featured_media":26744,"comment_status":"open","ping_status":"closed","sticky":false,"template":"","format":"standard","meta":{"buzzeditor_post_format":"","footnotes":""},"categories":[42],"tags":[],"class_list":["post-26743","post","type-post","status-publish","format-standard","has-post-thumbnail","hentry","category-news"],"jetpack_featured_media_url":"https:\/\/guineechrono.com\/wp-content\/uploads\/2021\/12\/KEITA-scaled.jpg","amp_enabled":true,"_links":{"self":[{"href":"https:\/\/guineechrono.com\/index.php\/wp-json\/wp\/v2\/posts\/26743","targetHints":{"allow":["GET"]}}],"collection":[{"href":"https:\/\/guineechrono.com\/index.php\/wp-json\/wp\/v2\/posts"}],"about":[{"href":"https:\/\/guineechrono.com\/index.php\/wp-json\/wp\/v2\/types\/post"}],"author":[{"embeddable":true,"href":"https:\/\/guineechrono.com\/index.php\/wp-json\/wp\/v2\/users\/2"}],"replies":[{"embeddable":true,"href":"https:\/\/guineechrono.com\/index.php\/wp-json\/wp\/v2\/comments?post=26743"}],"version-history":[{"count":0,"href":"https:\/\/guineechrono.com\/index.php\/wp-json\/wp\/v2\/posts\/26743\/revisions"}],"wp:featuredmedia":[{"embeddable":true,"href":"https:\/\/guineechrono.com\/index.php\/wp-json\/wp\/v2\/media\/26744"}],"wp:attachment":[{"href":"https:\/\/guineechrono.com\/index.php\/wp-json\/wp\/v2\/media?parent=26743"}],"wp:term":[{"taxonomy":"category","embeddable":true,"href":"https:\/\/guineechrono.com\/index.php\/wp-json\/wp\/v2\/categories?post=26743"},{"taxonomy":"post_tag","embeddable":true,"href":"https:\/\/guineechrono.com\/index.php\/wp-json\/wp\/v2\/tags?post=26743"}],"curies":[{"name":"wp","href":"https:\/\/api.w.org\/{rel}","templated":true}]}}