{"id":26747,"date":"2021-12-22T13:51:49","date_gmt":"2021-12-22T12:51:49","guid":{"rendered":"https:\/\/guineechrono.com\/?p=26747"},"modified":"2021-12-22T13:51:49","modified_gmt":"2021-12-22T12:51:49","slug":"conakry-la-1ere-edition-du-salon-de-lindustrie-de-guinee-sig-2021-a-pris-fin-apres-deux-jours-de-travaux","status":"publish","type":"post","link":"https:\/\/guineechrono.com\/index.php\/conakry-la-1ere-edition-du-salon-de-lindustrie-de-guinee-sig-2021-a-pris-fin-apres-deux-jours-de-travaux\/","title":{"rendered":"Conakry: la 1\u00e8re \u00e9dition du Salon de l\u2019industrie de Guin\u00e9e (SIG 2021) a pris fin apr\u00e8s deux jours de travaux"},"content":{"rendered":"<p><strong>Lanc\u00e9e le lundi 20 d\u00e9cembre, la premi\u00e8re \u00e9dition du Salon de l\u2019Industrie de Guin\u00e9e a pris fin ce mardi soir, 21 d\u00e9cembre 2021 \u00e0 Conakry sous le th\u00e8me\u00a0: <\/strong><strong>\u2018\u2019industrie et chaine de valeur, vecteur de croissance inclusive\u2019\u2019<\/strong>.<strong> C\u2019est une initiative du minist\u00e8re du Commerce, de l\u2019industrie et des PME, en partenariat avec l\u2019ONUDI, le secteur priv\u00e9 et Afri Comp\u00e9tences.<\/strong><\/p>\n<p>La rencontre a regroup\u00e9 plusieurs acteurs publics et priv\u00e9s, nationaux et internationaux et a \u00e9t\u00e9 marqu\u00e9e par des panels, des ateliers th\u00e9matiques au cours desquels les probl\u00e8mes et les enjeux li\u00e9s au d\u00e9veloppement industriel ont \u00e9t\u00e9 suffisamment d\u00e9battus.<\/p>\n<p>Dans son discours de cl\u00f4ture, Oumar Ciss\u00e9, le Commissaire g\u00e9n\u00e9ral de l\u2019\u00e9v\u00e8nement a remerci\u00e9 les partenaires techniques et financiers du salon. \u00a0\u00ab Nous pouvons dire que la seule r\u00e9ussite, c\u2019est que le minist\u00e8re du Commerce, de l\u2019Industrie et des PME s\u2019implique davantage \u00e0 nous accompagner pour le programme sur l\u2019\u00e9valuation que nous avons mis en place afin de faire le bilan de ce salon et pour que nous puissions mettre en place un outil de catalyseur \u00e0 travers ce salon de l\u2019industrie pour emmener les industries \u00e0 mieux se d\u00e9velopper et \u00e9galement \u00e0 penser \u00e0 une innovation \u00bb.<\/p>\n<p><a href=\"https:\/\/guineechrono.com\/wp-content\/uploads\/2021\/12\/SIG1.jpg\"><img fetchpriority=\"high\" decoding=\"async\" class=\"aligncenter size-medium wp-image-26749\" src=\"https:\/\/guineechrono.com\/wp-content\/uploads\/2021\/12\/SIG1-300x225.jpg\" alt=\"\" width=\"300\" height=\"225\" srcset=\"https:\/\/guineechrono.com\/wp-content\/uploads\/2021\/12\/SIG1-300x225.jpg 300w, https:\/\/guineechrono.com\/wp-content\/uploads\/2021\/12\/SIG1-80x60.jpg 80w, https:\/\/guineechrono.com\/wp-content\/uploads\/2021\/12\/SIG1-265x198.jpg 265w, https:\/\/guineechrono.com\/wp-content\/uploads\/2021\/12\/SIG1-696x522.jpg 696w, https:\/\/guineechrono.com\/wp-content\/uploads\/2021\/12\/SIG1-560x420.jpg 560w, https:\/\/guineechrono.com\/wp-content\/uploads\/2021\/12\/SIG1.jpg 768w\" sizes=\"(max-width: 300px) 100vw, 300px\" \/><\/a>Dans la m\u00eame dynamique, le Commissaire g\u00e9n\u00e9ral du salon ajoute. \u00ab\u00a0pour cela, Afri Comp\u00e9tences en tant qu\u2019entit\u00e9 dans ce domaine, s\u2019engage aupr\u00e8s des industriels guin\u00e9ens, avec l\u2019appui du minist\u00e8re du Commerce, de l\u2019Industrie et des PME, a cr\u00e9\u00e9 une forte visibilit\u00e9 de notre industrie, et nous engageons \u00e0 une tourn\u00e9e africaine dans les grands salons, avec tous les industriels pour qu\u2019on soit pr\u00eats \u00e0 franchir ensemble la Zlecaf \u00bb.<\/p>\n<p>Pour sa part, le ministre de l\u2019agriculture et de l\u2019\u00e9levage, Mamoudou Nagnal\u00e9n Barry \u00a0repr\u00e9sentant du gouvernement \u00e0 cet \u00e9v\u00e8nement s\u2019est r\u00e9joui de la qualit\u00e9 des travaux. \u00abDes pistes de solutions pertinentes ont \u00e9t\u00e9 \u00e9galement identifi\u00e9es afin de relever \u00e0 court, moyen et long termes, ces d\u00e9fis dans leurs dimensions institutionnelles, \u00e9conomiques, sociales et environnementales. Les recommandations issues de ce salon serviront de fondement \u00e0 l\u2019\u00e9laboration de la lettre de politique industrielle de la Guin\u00e9e et orienteront certainement l\u2019action publique d\u2019une mani\u00e8re g\u00e9n\u00e9rale, et celle des autres secteurs de l\u2019\u00e9cosyst\u00e8me \u00bb.<\/p>\n<p>A noter que le rendez-vous est pris \u00e0 l\u2019ann\u00e9e prochaine pour la deuxi\u00e8me \u00e9dition.<\/p>\n<p><strong>Aboubacar P Camara<\/strong><\/p>\n<p><strong>00\u00a0224\u00a0628 08 45 86<\/strong><\/p>\n","protected":false},"excerpt":{"rendered":"<p>Lanc\u00e9e le lundi 20 d\u00e9cembre, la premi\u00e8re \u00e9dition du Salon de l\u2019Industrie de Guin\u00e9e a pris fin ce mardi soir, 21 d\u00e9cembre 2021 \u00e0 Conakry sous le th\u00e8me\u00a0: \u2018\u2019industrie et chaine de valeur, vecteur de croissance inclusive\u2019\u2019. C\u2019est une initiative du minist\u00e8re du Commerce, de l\u2019industrie et des PME, en partenariat avec l\u2019ONUDI, le secteur [&hellip;]<\/p>\n","protected":false},"author":2,"featured_media":26748,"comment_status":"open","ping_status":"closed","sticky":false,"template":"","format":"standard","meta":{"buzzeditor_post_format":"","footnotes":""},"categories":[44],"tags":[],"class_list":["post-26747","post","type-post","status-publish","format-standard","has-post-thumbnail","hentry","category-economie"],"jetpack_featured_media_url":"https:\/\/guineechrono.com\/wp-content\/uploads\/2021\/12\/SIG.jpg","amp_enabled":true,"_links":{"self":[{"href":"https:\/\/guineechrono.com\/index.php\/wp-json\/wp\/v2\/posts\/26747","targetHints":{"allow":["GET"]}}],"collection":[{"href":"https:\/\/guineechrono.com\/index.php\/wp-json\/wp\/v2\/posts"}],"about":[{"href":"https:\/\/guineechrono.com\/index.php\/wp-json\/wp\/v2\/types\/post"}],"author":[{"embeddable":true,"href":"https:\/\/guineechrono.com\/index.php\/wp-json\/wp\/v2\/users\/2"}],"replies":[{"embeddable":true,"href":"https:\/\/guineechrono.com\/index.php\/wp-json\/wp\/v2\/comments?post=26747"}],"version-history":[{"count":0,"href":"https:\/\/guineechrono.com\/index.php\/wp-json\/wp\/v2\/posts\/26747\/revisions"}],"wp:featuredmedia":[{"embeddable":true,"href":"https:\/\/guineechrono.com\/index.php\/wp-json\/wp\/v2\/media\/26748"}],"wp:attachment":[{"href":"https:\/\/guineechrono.com\/index.php\/wp-json\/wp\/v2\/media?parent=26747"}],"wp:term":[{"taxonomy":"category","embeddable":true,"href":"https:\/\/guineechrono.com\/index.php\/wp-json\/wp\/v2\/categories?post=26747"},{"taxonomy":"post_tag","embeddable":true,"href":"https:\/\/guineechrono.com\/index.php\/wp-json\/wp\/v2\/tags?post=26747"}],"curies":[{"name":"wp","href":"https:\/\/api.w.org\/{rel}","templated":true}]}}