{"id":26841,"date":"2021-12-29T17:40:06","date_gmt":"2021-12-29T16:40:06","guid":{"rendered":"https:\/\/guineechrono.com\/?p=26841"},"modified":"2021-12-29T17:40:06","modified_gmt":"2021-12-29T16:40:06","slug":"guinee-plusieurs-magistrats-mis-a-la-retraite-decret","status":"publish","type":"post","link":"https:\/\/guineechrono.com\/index.php\/guinee-plusieurs-magistrats-mis-a-la-retraite-decret\/","title":{"rendered":"Guin\u00e9e: Plusieurs magistrats mis \u00e0 la retraite (d\u00e9cret)"},"content":{"rendered":"<p>Dans une s\u00e9rie de d\u00e9cret publi\u00e9e hier soir \u00e0 la t\u00e9l\u00e9vision nationale, le pr\u00e9sident de la transition,\u00a0 Colonel Mamadi Doubouya a mis \u00e0 la retraite une quarantaine magistrats.<\/p>\n<p>Selon le d\u00e9cret, ces magistrats qui doivent faire valoir leur droit \u00e0 la retraite \u00e0 partir 31 d\u00e9cembre 2021 rel\u00e8vent des tribunaux, cours et le d\u00e9partement du minist\u00e8re de la justice.<\/p>\n<p><strong>Voici la liste compl\u00e8te <\/strong><\/p>\n<ul>\n<li>Souleymane Diari Diallo,\u00a0 cour supr\u00eame;<\/li>\n<li>Sakoba Kourala K\u00e9\u00efta, cour supr\u00eame;<\/li>\n<li>Koly K\u00e9moko Camara, TPI de Bok\u00e9;<\/li>\n<li>Aboubacar Camara, cour supr\u00eame;<\/li>\n<li>Norbert S\u00e2a Tolno Koubia;<\/li>\n<li>Seydou K\u00e9ita, cour d\u2019appel de Conakry;<\/li>\n<li>Mandjou K\u00e9ita, TPI de Siguiri;<\/li>\n<li>Baidari Diallo \u00e0 l\u2019inspection g\u00e9n\u00e9rale;<\/li>\n<li>Amady Seck, TPI de Kindia;<\/li>\n<li>Famoro Traor\u00e9, TPI de Kindia;<\/li>\n<li>Mohamed Aly Thiam, Cour supr\u00eame;<\/li>\n<li>Hady Dieng, cour supr\u00eame;<\/li>\n<li>Yay\u00e9 Ramatou Diallo, cour supr\u00eame;<\/li>\n<li>Mohamed Sa\u00efd Diop, cour supr\u00eame ;<\/li>\n<li>Charles Victor Macka;<\/li>\n<li>Als\u00e9ny Soumah \u00e0 l\u2019inspection g\u00e9n\u00e9rale;<\/li>\n<li>A\u00efssatou Diallo, cour supr\u00eame;<\/li>\n<li>Mohamed Bachir Faye, cour supr\u00eame;<\/li>\n<li>Seydouba Camara, Tribunal du Travail;<\/li>\n<li>Mamady Camara, Cour d\u2019appel de Conakry ;<\/li>\n<li>Mamady Traor\u00e9, cour supr\u00eame;<\/li>\n<li>Isabelle Camara,\u00a0 cour d\u2019 appel de Kankan;<\/li>\n<li>N\u2019Fansou Dansoko, cour d\u2019appel de Conakry;<\/li>\n<li>Ibrahima Sory Diallo \u00e0 l\u2019inspection g\u00e9n\u00e9rale;<\/li>\n<li>Mamadou Saliou Soumah, TPI de Kindia;<\/li>\n<li>Ibrahima Ha\u00efdara, minist\u00e8re de la Justice ;<\/li>\n<li>Mariama Daff\u00e9, cour supr\u00eame ;<\/li>\n<li>Z\u00e9z\u00e9 Beavogui, cour d\u2019appel de Conakry;<\/li>\n<li>A\u00efssatou Diallo, cour supr\u00eame;<\/li>\n<li>Souleymane Kourouma, Cour d\u2019appel de Conakry ;<\/li>\n<li>Antoine Traor\u00e9, cour supr\u00eame;<\/li>\n<li>Cyril Cond\u00e9, cour supr\u00eame;<\/li>\n<li>Kanfory Kaltamba, Cour supr\u00eame;<\/li>\n<li>Madeleine K\u00e9ita, cour supr\u00eame;<\/li>\n<li>Tidiane Ha\u00efdara, cour supr\u00eame ;<\/li>\n<li>Batrou Laye Kaba, cour des comptes;<\/li>\n<li>Baba Dian\u00e9, cour des comptes;<\/li>\n<li>N\u2019Faly Soumar\u00e9, cour des comptes;<\/li>\n<li>Mohamed Aly Thiam jusque-l\u00e0 le pr\u00e9sideent de l\u2019association des magistrats de Guin\u00e9e;<\/li>\n<li>Goureissy Sow, l\u2019ancien agent judiciaire de l\u2019Etat;<\/li>\n<li>Abdoulaye Sampou, l\u2019ancien procureur g\u00e9n\u00e9ral pr\u00e8s la cour d\u2019appel de Kankan.<\/li>\n<\/ul>\n<p><strong>R\u00e9daction<\/strong><\/p>\n<p>&nbsp;<\/p>\n","protected":false},"excerpt":{"rendered":"<p>Dans une s\u00e9rie de d\u00e9cret publi\u00e9e hier soir \u00e0 la t\u00e9l\u00e9vision nationale, le pr\u00e9sident de la transition,\u00a0 Colonel Mamadi Doubouya a mis \u00e0 la retraite une quarantaine magistrats. Selon le d\u00e9cret, ces magistrats qui doivent faire valoir leur droit \u00e0 la retraite \u00e0 partir 31 d\u00e9cembre 2021 rel\u00e8vent des tribunaux, cours et le d\u00e9partement du [&hellip;]<\/p>\n","protected":false},"author":2,"featured_media":26843,"comment_status":"open","ping_status":"closed","sticky":false,"template":"","format":"standard","meta":{"buzzeditor_post_format":"","footnotes":""},"categories":[42],"tags":[],"class_list":["post-26841","post","type-post","status-publish","format-standard","has-post-thumbnail","hentry","category-news"],"jetpack_featured_media_url":"https:\/\/guineechrono.com\/wp-content\/uploads\/2021\/12\/doumm-3.jpg","amp_enabled":true,"_links":{"self":[{"href":"https:\/\/guineechrono.com\/index.php\/wp-json\/wp\/v2\/posts\/26841","targetHints":{"allow":["GET"]}}],"collection":[{"href":"https:\/\/guineechrono.com\/index.php\/wp-json\/wp\/v2\/posts"}],"about":[{"href":"https:\/\/guineechrono.com\/index.php\/wp-json\/wp\/v2\/types\/post"}],"author":[{"embeddable":true,"href":"https:\/\/guineechrono.com\/index.php\/wp-json\/wp\/v2\/users\/2"}],"replies":[{"embeddable":true,"href":"https:\/\/guineechrono.com\/index.php\/wp-json\/wp\/v2\/comments?post=26841"}],"version-history":[{"count":0,"href":"https:\/\/guineechrono.com\/index.php\/wp-json\/wp\/v2\/posts\/26841\/revisions"}],"wp:featuredmedia":[{"embeddable":true,"href":"https:\/\/guineechrono.com\/index.php\/wp-json\/wp\/v2\/media\/26843"}],"wp:attachment":[{"href":"https:\/\/guineechrono.com\/index.php\/wp-json\/wp\/v2\/media?parent=26841"}],"wp:term":[{"taxonomy":"category","embeddable":true,"href":"https:\/\/guineechrono.com\/index.php\/wp-json\/wp\/v2\/categories?post=26841"},{"taxonomy":"post_tag","embeddable":true,"href":"https:\/\/guineechrono.com\/index.php\/wp-json\/wp\/v2\/tags?post=26841"}],"curies":[{"name":"wp","href":"https:\/\/api.w.org\/{rel}","templated":true}]}}