{"id":26973,"date":"2022-01-07T20:16:42","date_gmt":"2022-01-07T19:16:42","guid":{"rendered":"https:\/\/guineechrono.com\/?p=26973"},"modified":"2022-01-07T20:16:42","modified_gmt":"2022-01-07T19:16:42","slug":"entreprenariat-jeune-le-ministre-bea-diallo-lance-les-activites-de-la-1ere-edition-de-long-univers-jeunes","status":"publish","type":"post","link":"https:\/\/guineechrono.com\/index.php\/entreprenariat-jeune-le-ministre-bea-diallo-lance-les-activites-de-la-1ere-edition-de-long-univers-jeunes\/","title":{"rendered":"Entreprenariat jeune : le ministre B\u00e9a Diallo lance les activit\u00e9s de la 1ere \u00e9dition de l&rsquo;ONG Univers jeunes."},"content":{"rendered":"<div dir=\"auto\"><strong>La c\u00e9r\u00e9monie de lancement officielle des premi\u00e8res activit\u00e9s de l&rsquo;ONG Univers jeunes sous le slogan \u00a0\u00bb osez entreprendre en Guin\u00e9e\u00a0\u00bb a \u00e9t\u00e9 pr\u00e9sid\u00e9e par le Ministre de la jeunesse Lansana BEA Diallo ce vendredi 07 janvier 2022 dans un r\u00e9ceptif h\u00f4telier de la place.\u00a0<\/strong><\/div>\n<div dir=\"auto\"><\/div>\n<div dir=\"auto\">A l&rsquo;entame la pr\u00e9sidente de l&rsquo;ONG Univers des jeunes Mme Fatou Fodeba Fadiga pr\u00e9cise dans son discours que l&rsquo;objectif principal cette ONG est de valoriser et mettre l\u2019entreprenariat au centre des actions, afin de contribuer \u00e0 \u00e9largir les opportunit\u00e9s socio \u00e9conomique des groupes vuln\u00e9rables des diff\u00e9rentes r\u00e9gions de la Guin\u00e9e.<\/div>\n<div dir=\"auto\">Plus loin elle indique que, le projet \u00ab Osez Entreprendre en Guin\u00e9e \u00bb vient briser ce ph\u00e9nom\u00e8ne d\u2019immigration irr\u00e9guli\u00e8re, en suscitant le d\u00e9sir d\u2019entreprendre chez les jeunes \u00e0 travers des exemples concrets des personnes qui sont parti de z\u00e9ro pour atteindre le sommet en osant Entreprendre en Guin\u00e9e. Cette orientation des jeunes se fera autour des conf\u00e9rences d\u00e9bats dans 5 universit\u00e9s de Conakry entre quelques dirigeants d\u2019entreprise et les jeunes afin de cr\u00e9er un espace d\u2019\u00e9change entre eux. Au-del\u00e0 des conf\u00e9rences, un concours du jeune entrepreneur junior a \u00e9t\u00e9 lanc\u00e9 sur notre page Facebook depuis le mois de novembre, pour permettre l\u2019acc\u00e8s \u00e0 l\u2019emploi \u00e0 6 jeunes dipl\u00f4m\u00e9s sans emploi en vue de r\u00e9pondre \u00e0 un certain nombre du d\u00e9sir des jeunes\u2026 \u00bb, explique Fatou Fodeba Fadiga, pr\u00e9sidente de l\u2019Univers Jeunes.<\/div>\n<div dir=\"auto\"><a href=\"https:\/\/guineechrono.com\/wp-content\/uploads\/2022\/01\/IMG-20220107-WA0006.jpg\"><img fetchpriority=\"high\" decoding=\"async\" class=\"aligncenter wp-image-26975 size-large\" src=\"https:\/\/guineechrono.com\/wp-content\/uploads\/2022\/01\/IMG-20220107-WA0006-1024x768.jpg\" alt=\"\" width=\"696\" height=\"522\" srcset=\"https:\/\/guineechrono.com\/wp-content\/uploads\/2022\/01\/IMG-20220107-WA0006-1024x768.jpg 1024w, https:\/\/guineechrono.com\/wp-content\/uploads\/2022\/01\/IMG-20220107-WA0006-300x225.jpg 300w, https:\/\/guineechrono.com\/wp-content\/uploads\/2022\/01\/IMG-20220107-WA0006-768x576.jpg 768w, https:\/\/guineechrono.com\/wp-content\/uploads\/2022\/01\/IMG-20220107-WA0006-80x60.jpg 80w, https:\/\/guineechrono.com\/wp-content\/uploads\/2022\/01\/IMG-20220107-WA0006-265x198.jpg 265w, https:\/\/guineechrono.com\/wp-content\/uploads\/2022\/01\/IMG-20220107-WA0006-696x522.jpg 696w, https:\/\/guineechrono.com\/wp-content\/uploads\/2022\/01\/IMG-20220107-WA0006-1068x801.jpg 1068w, https:\/\/guineechrono.com\/wp-content\/uploads\/2022\/01\/IMG-20220107-WA0006-560x420.jpg 560w, https:\/\/guineechrono.com\/wp-content\/uploads\/2022\/01\/IMG-20220107-WA0006.jpg 1080w\" sizes=\"(max-width: 696px) 100vw, 696px\" \/><\/a><\/div>\n<div dir=\"auto\"><\/div>\n<div dir=\"auto\">Pr\u00e9sent dans la salle, le ministre de la Jeunesse et des Sports, Lansana B\u00e9a Diallo a profit\u00e9 de l&rsquo;occasion pour inviter les organisateurs \u00e0 renverser la tendance. A 23 ans, dit-il, lui, il avait cr\u00e9\u00e9 son entreprise. Parce que, selon l\u2019ancien boxeur, il a os\u00e9. Parce qu\u2019il \u00e9tait dans un pays o\u00f9 la discrimination \u00e9tait colosale. Et qu\u2019en Europe, c\u2019\u00e9tait difficile d\u2019avoir un emploi.<\/div>\n<div dir=\"auto\"><\/div>\n<div dir=\"auto\">\u00ab Voil\u00e0 pourquoi j&rsquo;ai cr\u00e9\u00e9 mon entreprise. J\u2019ai employ\u00e9 les gens que je voulais, noirs, jaunes, blancs, j\u2019ai pas regard\u00e9 la couleur mais, j\u2019ai regard\u00e9 les comp\u00e9tences. Aujourd\u2019hui, les jeunes qui \u00e9taient esclaves en Libye, qu\u2019on avait aid\u00e9s, sont devenus les patrons d\u2019entreprises. Parce que, on leur a donn\u00e9 de la formation, des outils\u2026 donc, moi en tant que ministre, je vais vous aider. Actuellement, je suis en contacte avec des entreprises belges, qui doivent venir en mois &lsquo;de mars, pour justement accompagner les jeunes guin\u00e9ens, et la premi\u00e8re entreprise avec laquelle, ils vont travailler, c\u2019est bien avec votre projet \u00ab Osez Entreprendre en Guin\u00e9e \u00bb, a rassur\u00e9 le ministre de la Jeunesse et des Sports, Lansana B\u00e9a Diallo, aux membres de l\u2019ONG Univers Jeunes.<\/div>\n<div dir=\"auto\"><\/div>\n<div dir=\"auto\">Pour clore les initiateurs ont fait un appel \u00e0 tous les guin\u00e9ens qui sont aux quatre coins du monde \u00e0 venir investir en Guin\u00e9e et surtout leur pousser \u00e0 oser entreprendre en Guin\u00e9e car le d\u00e9veloppement de ce pays ne se fera pas sans nous.<\/div>\n<div dir=\"auto\"><\/div>\n<div dir=\"auto\"><strong>Kerfalla Tour\u00e9 626419288<\/strong><\/div>\n","protected":false},"excerpt":{"rendered":"<p>La c\u00e9r\u00e9monie de lancement officielle des premi\u00e8res activit\u00e9s de l&rsquo;ONG Univers jeunes sous le slogan \u00a0\u00bb osez entreprendre en Guin\u00e9e\u00a0\u00bb a \u00e9t\u00e9 pr\u00e9sid\u00e9e par le Ministre de la jeunesse Lansana BEA Diallo ce vendredi 07 janvier 2022 dans un r\u00e9ceptif h\u00f4telier de la place.\u00a0 A l&rsquo;entame la pr\u00e9sidente de l&rsquo;ONG Univers des jeunes Mme Fatou [&hellip;]<\/p>\n","protected":false},"author":2,"featured_media":26974,"comment_status":"open","ping_status":"closed","sticky":false,"template":"","format":"standard","meta":{"buzzeditor_post_format":"","footnotes":""},"categories":[2,42,46],"tags":[],"class_list":["post-26973","post","type-post","status-publish","format-standard","has-post-thumbnail","hentry","category-featured","category-news","category-societe"],"jetpack_featured_media_url":"https:\/\/guineechrono.com\/wp-content\/uploads\/2022\/01\/IMG-20220107-WA0004.jpg","amp_enabled":true,"_links":{"self":[{"href":"https:\/\/guineechrono.com\/index.php\/wp-json\/wp\/v2\/posts\/26973","targetHints":{"allow":["GET"]}}],"collection":[{"href":"https:\/\/guineechrono.com\/index.php\/wp-json\/wp\/v2\/posts"}],"about":[{"href":"https:\/\/guineechrono.com\/index.php\/wp-json\/wp\/v2\/types\/post"}],"author":[{"embeddable":true,"href":"https:\/\/guineechrono.com\/index.php\/wp-json\/wp\/v2\/users\/2"}],"replies":[{"embeddable":true,"href":"https:\/\/guineechrono.com\/index.php\/wp-json\/wp\/v2\/comments?post=26973"}],"version-history":[{"count":0,"href":"https:\/\/guineechrono.com\/index.php\/wp-json\/wp\/v2\/posts\/26973\/revisions"}],"wp:featuredmedia":[{"embeddable":true,"href":"https:\/\/guineechrono.com\/index.php\/wp-json\/wp\/v2\/media\/26974"}],"wp:attachment":[{"href":"https:\/\/guineechrono.com\/index.php\/wp-json\/wp\/v2\/media?parent=26973"}],"wp:term":[{"taxonomy":"category","embeddable":true,"href":"https:\/\/guineechrono.com\/index.php\/wp-json\/wp\/v2\/categories?post=26973"},{"taxonomy":"post_tag","embeddable":true,"href":"https:\/\/guineechrono.com\/index.php\/wp-json\/wp\/v2\/tags?post=26973"}],"curies":[{"name":"wp","href":"https:\/\/api.w.org\/{rel}","templated":true}]}}