{"id":26978,"date":"2022-01-08T20:17:49","date_gmt":"2022-01-08T19:17:49","guid":{"rendered":"https:\/\/guineechrono.com\/?p=26978"},"modified":"2022-01-08T20:17:49","modified_gmt":"2022-01-08T19:17:49","slug":"nouvel-an-2022-voici-ladresse-du-president-de-lunion-des-consommateurs-de-guinee-ucg","status":"publish","type":"post","link":"https:\/\/guineechrono.com\/index.php\/nouvel-an-2022-voici-ladresse-du-president-de-lunion-des-consommateurs-de-guinee-ucg\/","title":{"rendered":"Nouvel an 2022 : voici l\u2019adresse du pr\u00e9sident de l\u2019union des consommateurs de guin\u00e9e (UCG)"},"content":{"rendered":"<p>Avant tout, je souhaite au nom de l\u2019UCG et en mon nom propre une merveilleuse ann\u00e9e 2022 \u00e0 l\u2019ensemble des consommateurs sur toute l\u2019\u00e9tendue du territoire national et partout o\u00f9 ils se trouvent dans le monde. Que cette ann\u00e9e soit une ann\u00e9e de moisson abondante pour tout un chacun. Je ne saurais continuer sans avoir une pens\u00e9e pieuse pour nos disparus, illustres comme anonymes.<\/p>\n<p>Nous pouvons affirmer que les consommateurs ont eu des acquis non n\u00e9gligeables durant l\u2019ann\u00e9e 2021 gr\u00e2ce aux nouvelles autorit\u00e9s que nous ne cesserons de remercier.<\/p>\n<p>Il s\u2019agit de : la r\u00e9ouverture des fronti\u00e8res, la baisse du co\u00fbt du carburant et celle du co\u00fbt du transport, des mesures relatives \u00e0 la r\u00e8glementation dans le cadre du foncier, la promesse de la construction de logements sociaux, la lutte renforc\u00e9e contre les produits p\u00e9rim\u00e9s \u00e0 travers plusieurs tonnes d\u00e9j\u00e0 saisis et d\u00e9truits, la fin des monopoles dans le cadre de la lutte contre les produits chers, la baisse des devises pour ne citer que ceux-ci.<\/p>\n<p>Il y a donc la n\u00e9cessit\u00e9 de remercier les nouvelles autorit\u00e9s \u00e0 travers le chef de l\u2019\u00e9tat pour les efforts consentis.<\/p>\n<p>C\u2019est ici l\u2019occasion de souhaiter \u00e0 M. le chef de l\u2019Etat, \u00e0 toute l\u2019\u00e9quipe gouvernementale une bonne et heureuse ann\u00e9e 2022.<\/p>\n<p>En d\u00e9pit des actes d\u00e9j\u00e0 pos\u00e9s, nous formulons quelques dol\u00e9ances \u00e0 l\u2019\u00e9quipe gouvernementale mais aussi \u00e0 l\u2019ensemble des acteurs de la vie politique, associative et \u00e0 l\u2019ensemble de la population.<\/p>\n<p>Pour cette ann\u00e9e nous souhaitons que l\u2019ensemble des op\u00e9rateurs \u00e9conomiques coop\u00e8rent r\u00e9guli\u00e8rement avec le minist\u00e8re du commerce dans sa lutte contre la flamb\u00e9e des prix sur le march\u00e9. Ne perdons pas de vue que le co\u00fbt du carburant, du transport mais aussi les cours des devises ont chut\u00e9s sans oublier la r\u00e9ouverture des fronti\u00e8res. Tous les \u00e9l\u00e9ments qui sont en place doivent permettre de soulager le panier de la m\u00e9nag\u00e8re.<\/p>\n<p>Concernant l\u2019acc\u00e8s aux logements et les conditions d\u2019acc\u00e8s.<\/p>\n<p>Nous saluons encore une fois les efforts du ministre en charge de ce d\u00e9partement pour tous les efforts et surtout sa volont\u00e9 affich\u00e9e de voir \u00e9merg\u00e9 au plus t\u00f4t des logements sociaux mais aussi de l\u2019importance qu\u2019il donne \u00e0 la r\u00e9glementation du secteur de l\u2019immobilier. Toutefois, nous souhaiterions qu\u2019il accepte de se pencher de fa\u00e7on appuy\u00e9e sur les conditions d\u2019acc\u00e8s aux logements.<\/p>\n<p>Il est connu de tous que certains bailleurs font souffrir le martyr aux consommateurs. Il n\u2019est pas rare de se voir imposer \u00e0 titre d\u2019exemple 12 mois d\u2019avances et 3 \u00e0 5 mois de cautions. Cette situation est extr\u00eamement p\u00e9nible pour la population.<\/p>\n<p>Nous souhaiterions \u00e0 la limite des conditions qui partent de 2 mois de cautions (pour prot\u00e9ger le bailleur) et un mois d\u2019avance sur consommation ce qui fera un total de 3 mois. Merci M. le ministre pour tous vos efforts dans ce sens.<\/p>\n<p>Nous n\u2019oublierons pas le volet de la production locale qui regroupe en gros le savoir-faire Guin\u00e9en. Nous sommes heureux de voir que le minist\u00e8re du commerce est attach\u00e9 \u00e0 ce concept et en a fait l\u2019une de ses priorit\u00e9s.<\/p>\n<p>Nous exhortons les entreprises, la population qui est finalement l\u2019ensemble des consommateurs \u00e0 accorder un int\u00e9r\u00eat particulier au savoir-faire local. Nous profitons, de l\u2019opportunit\u00e9 pour faire un clin d\u2019\u0153il \u00e0 Label Guin\u00e9e pour tout son combat dans ce sens et aussi sa volont\u00e9 de porter la voix du consommons Guin\u00e9en.<\/p>\n<p>Il y a \u00e9norm\u00e9ment de sujets \u00e0 aborder que nous nous donnerons le temps et la strat\u00e9gie pour exposer nos propositions allant dans le sens de l\u2019am\u00e9lioration des conditions de vie des chers consommateurs.<\/p>\n<p>Meilleurs v\u0153ux 2022. Puisse le tout puissant Allah mis\u00e9ricordieux b\u00e9nir la Guin\u00e9e.<\/p>\n<p>Je vous remercie<\/p>\n","protected":false},"excerpt":{"rendered":"<p>Avant tout, je souhaite au nom de l\u2019UCG et en mon nom propre une merveilleuse ann\u00e9e 2022 \u00e0 l\u2019ensemble des consommateurs sur toute l\u2019\u00e9tendue du territoire national et partout o\u00f9 ils se trouvent dans le monde. Que cette ann\u00e9e soit une ann\u00e9e de moisson abondante pour tout un chacun. Je ne saurais continuer sans avoir [&hellip;]<\/p>\n","protected":false},"author":2,"featured_media":26979,"comment_status":"open","ping_status":"closed","sticky":false,"template":"","format":"standard","meta":{"buzzeditor_post_format":"","footnotes":""},"categories":[44],"tags":[],"class_list":["post-26978","post","type-post","status-publish","format-standard","has-post-thumbnail","hentry","category-economie"],"jetpack_featured_media_url":"https:\/\/guineechrono.com\/wp-content\/uploads\/2022\/01\/UCG.jpeg","amp_enabled":true,"_links":{"self":[{"href":"https:\/\/guineechrono.com\/index.php\/wp-json\/wp\/v2\/posts\/26978","targetHints":{"allow":["GET"]}}],"collection":[{"href":"https:\/\/guineechrono.com\/index.php\/wp-json\/wp\/v2\/posts"}],"about":[{"href":"https:\/\/guineechrono.com\/index.php\/wp-json\/wp\/v2\/types\/post"}],"author":[{"embeddable":true,"href":"https:\/\/guineechrono.com\/index.php\/wp-json\/wp\/v2\/users\/2"}],"replies":[{"embeddable":true,"href":"https:\/\/guineechrono.com\/index.php\/wp-json\/wp\/v2\/comments?post=26978"}],"version-history":[{"count":0,"href":"https:\/\/guineechrono.com\/index.php\/wp-json\/wp\/v2\/posts\/26978\/revisions"}],"wp:featuredmedia":[{"embeddable":true,"href":"https:\/\/guineechrono.com\/index.php\/wp-json\/wp\/v2\/media\/26979"}],"wp:attachment":[{"href":"https:\/\/guineechrono.com\/index.php\/wp-json\/wp\/v2\/media?parent=26978"}],"wp:term":[{"taxonomy":"category","embeddable":true,"href":"https:\/\/guineechrono.com\/index.php\/wp-json\/wp\/v2\/categories?post=26978"},{"taxonomy":"post_tag","embeddable":true,"href":"https:\/\/guineechrono.com\/index.php\/wp-json\/wp\/v2\/tags?post=26978"}],"curies":[{"name":"wp","href":"https:\/\/api.w.org\/{rel}","templated":true}]}}