{"id":2709,"date":"2018-12-24T20:18:11","date_gmt":"2018-12-24T19:18:11","guid":{"rendered":"http:\/\/guineechrono.com\/?p=2709"},"modified":"2018-12-24T20:18:11","modified_gmt":"2018-12-24T19:18:11","slug":"senacip-2018-la-population-de-dubreka-na-pas-ete-informee-a-la-ceremonie-de-cloture-source-imam","status":"publish","type":"post","link":"https:\/\/guineechrono.com\/index.php\/senacip-2018-la-population-de-dubreka-na-pas-ete-informee-a-la-ceremonie-de-cloture-source-imam\/","title":{"rendered":"SENACIP 2018 : la population de Dubreka n\u2019a pas \u00e9t\u00e9 inform\u00e9e \u00e0 la c\u00e9r\u00e9monie de cl\u00f4ture (source imam)"},"content":{"rendered":"<p>D\u00e9localis\u00e9e la c\u00e9r\u00e9monie de cl\u00f4ture de la semaine nationale de la citoyennet\u00e9 et de la paix (CENACIP) \u00e9tait l\u2019objectif vis\u00e9 par la commission d\u2019organisation de cette 3\u00e8me \u00e9dition, d\u2019o\u00f9 le choix de la pr\u00e9fecture de Dubreka ce dimanche 23 d\u00e9cembre 2018. Malheureuses,<br \/>\ncette population y compris les autorit\u00e9s pr\u00e9fectorales n\u2019ont pas \u00e9t\u00e9, inform\u00e9e \u00e0 cet \u00e9v\u00e9nement, d\u2019apr\u00e8s l\u2019imam qui a dirig\u00e9 la pri\u00e8re de 14 heures de la mosqu\u00e9e du bloc administratif de Dubreka.<\/p>\n<p>Selon une source, cette d\u00e9mobilisation des citoyens de Dubr\u00e9ka serait due au non respects des engagements pris par le pr\u00e9sident de la r\u00e9publique, mais aussi du manque d\u2019information des citoyens de la tenue de la SENACIP dans leur localit\u00e9.<br \/>\nCette information a \u00e9t\u00e9 confirm\u00e9e par l\u2019Imam qui a dirig\u00e9 la pri\u00e8re de 14h dans la Mosqu\u00e9e du bloc administratif de Dubreka. L\u2019Imam a d\u00e9plor\u00e9 cette attitude des organisateurs qui n\u2019ont pas pris le temps d\u2019informer les populations.<br \/>\nDans la m\u00eame logique, le premier responsable de la pr\u00e9fecture a laiss\u00e9 entendre que c\u2019est dans la matin\u00e9e de ce dimanche qu\u2019il a \u00e9t\u00e9 aussi inform\u00e9 de l\u2019organisation de la c\u00e9r\u00e9monie de cl\u00f4ture de la SENACIP dans sa pr\u00e9fecture. Des sources s\u00fbres nous ont confi\u00e9 que le pr\u00e9fet<br \/>\nd\u00e9sempar\u00e9 de la situation aurait menac\u00e9 de sanctionner tout Chef de quartier qui n\u2019assistera pas \u00e0 cet \u00e9v\u00e9nement.<\/p>\n<p><strong>Aboubacar P\u00a0 Camara<\/strong><\/p>\n<p>&nbsp;<\/p>\n","protected":false},"excerpt":{"rendered":"<p>D\u00e9localis\u00e9e la c\u00e9r\u00e9monie de cl\u00f4ture de la semaine nationale de la citoyennet\u00e9 et de la paix (CENACIP) \u00e9tait l\u2019objectif vis\u00e9 par la commission d\u2019organisation de cette 3\u00e8me \u00e9dition, d\u2019o\u00f9 le choix de la pr\u00e9fecture de Dubreka ce dimanche 23 d\u00e9cembre 2018. Malheureuses, cette population y compris les autorit\u00e9s pr\u00e9fectorales n\u2019ont pas \u00e9t\u00e9, inform\u00e9e \u00e0 cet [&hellip;]<\/p>\n","protected":false},"author":2,"featured_media":2710,"comment_status":"open","ping_status":"closed","sticky":false,"template":"","format":"standard","meta":{"buzzeditor_post_format":"","footnotes":""},"categories":[1],"tags":[],"class_list":["post-2709","post","type-post","status-publish","format-standard","has-post-thumbnail","hentry","category-non-classe"],"jetpack_featured_media_url":"https:\/\/guineechrono.com\/wp-content\/uploads\/2018\/12\/dubreka.jpg","amp_enabled":true,"_links":{"self":[{"href":"https:\/\/guineechrono.com\/index.php\/wp-json\/wp\/v2\/posts\/2709","targetHints":{"allow":["GET"]}}],"collection":[{"href":"https:\/\/guineechrono.com\/index.php\/wp-json\/wp\/v2\/posts"}],"about":[{"href":"https:\/\/guineechrono.com\/index.php\/wp-json\/wp\/v2\/types\/post"}],"author":[{"embeddable":true,"href":"https:\/\/guineechrono.com\/index.php\/wp-json\/wp\/v2\/users\/2"}],"replies":[{"embeddable":true,"href":"https:\/\/guineechrono.com\/index.php\/wp-json\/wp\/v2\/comments?post=2709"}],"version-history":[{"count":0,"href":"https:\/\/guineechrono.com\/index.php\/wp-json\/wp\/v2\/posts\/2709\/revisions"}],"wp:featuredmedia":[{"embeddable":true,"href":"https:\/\/guineechrono.com\/index.php\/wp-json\/wp\/v2\/media\/2710"}],"wp:attachment":[{"href":"https:\/\/guineechrono.com\/index.php\/wp-json\/wp\/v2\/media?parent=2709"}],"wp:term":[{"taxonomy":"category","embeddable":true,"href":"https:\/\/guineechrono.com\/index.php\/wp-json\/wp\/v2\/categories?post=2709"},{"taxonomy":"post_tag","embeddable":true,"href":"https:\/\/guineechrono.com\/index.php\/wp-json\/wp\/v2\/tags?post=2709"}],"curies":[{"name":"wp","href":"https:\/\/api.w.org\/{rel}","templated":true}]}}