{"id":2712,"date":"2018-12-24T20:36:46","date_gmt":"2018-12-24T19:36:46","guid":{"rendered":"http:\/\/guineechrono.com\/?p=2712"},"modified":"2018-12-24T20:36:46","modified_gmt":"2018-12-24T19:36:46","slug":"hassane-kaba-de-2008-a-2018-le-loyer-de-la-maison-de-presse-de-guinee-est-passe-de-5-millions-a-20-millions-de-francs-guineens","status":"publish","type":"post","link":"https:\/\/guineechrono.com\/index.php\/hassane-kaba-de-2008-a-2018-le-loyer-de-la-maison-de-presse-de-guinee-est-passe-de-5-millions-a-20-millions-de-francs-guineens\/","title":{"rendered":"Hassane Kaba : \u00ab de 2008 \u00e0 2018, le loyer de la maison de presse de Guin\u00e9e est pass\u00e9 de 5 millions \u00e0 20 millions de francs guin\u00e9ens \u00bb"},"content":{"rendered":"<p><strong>I<\/strong>nvit\u00e9 \u00a0dans une \u00e9mission de la radio Sambari fm, au milieu du week-end dernier sur la probl\u00e9matique du fonctionnement de la maison de la presse de Guin\u00e9e. Hassane Kaba d\u00e9balle tout.\u00a0\u00ab\u00a0De 2008 \u00e0 2018, le loyer \u00e0 la maison de la presse est pass\u00e9 de 5 millions \u00e0 20 millions de francs guin\u00e9ens\u00a0 par mois . C\u2019est une triste r\u00e9alit\u00e9 \u00e0 laquelle nous faisons \u00bb, a signifi\u00e9 le Directeur g\u00e9n\u00e9ral\u00a0 de la maison de la presse, Hassane Kaba.<\/p>\n<p>Pour M. Kaba,\u00a0 le probl\u00e8me se situerait le fait que jusque-l\u00e0, les journalistes guin\u00e9ens n\u2019ont pas encore un si\u00e8ge abritant la maison de la presse \u00e0 l\u2019image de certains pays de la sous-r\u00e9gion. \u00ab Partout o\u00f9 les maisons de la presse existent, que \u00e7a soit \u00a0au Mali, au S\u00e9n\u00e9gal, au Niger, ou en C\u00f4te D\u2019ivoire, c\u2019est l\u2019Etat qui donne carr\u00e9ment un si\u00e8ge pour abriter la maison de la presse \u00bb, indique-t-il.<\/p>\n<p>Interrog\u00e9 sur la gestion de ladite maison, il les a not\u00e9 que ce n\u2019est pas du tout une mauvaise gestion. \u00ab\u00a0<em>Dans un premier temps, c\u2019est l\u2019Ambassade de France qui avait pris toutes les charges, \u00e0 hauteur de 100 000 euro. Apr\u00e8s les deux ann\u00e9es, \u00e7a \u00e9t\u00e9 le tour de l\u2019Union europ\u00e9enne\u00a0 et apr\u00e8s cette derni\u00e8re, il y a eu le<\/em>\u00a0<em>Centre Europ\u00e9en d&rsquo;Appui<\/em><em>\u00a0aux Processus\u00a0<\/em><em>Electoraux<\/em><em>\u00a0(ECES)<\/em><em>\u00a0qui a pris la rel\u00e8ve\u00a0<\/em>\u00bb, a-t-il r\u00e9v\u00e9l\u00e9.<\/p>\n<p>D\u00e9crivant la maison de la presse guin\u00e9enne, le Dg a signifi\u00e9\u00a0 qu\u2019il y a deux cybers de vingt postes chacun; mais \u00e9galement d\u2019une salle de montage radio de 10 postes, d\u2019un studio, d\u2019une salle d\u2019enregistrement.\u00a0<em>\u00ab Il y a beaucoup de commodit\u00e9s qui existent et qui<br \/>\nsont \u00a0\u00e0 la disposition des journalistes \u00e0 titre gratuit. Dans d\u2019autres pays, ce n\u2019est pas comme \u00e7a<\/em>\u00bb, pr\u00e9cise-t-il.<\/p>\n<p>Selon lui, dans le mois, la d\u00e9pense est estim\u00e9e \u00e0 peu pr\u00e8s \u00e0 45 millions de francs guin\u00e9ens. \u00ab\u00a0<em>La location de la salle de conf\u00e9rence qui est seulement payable. Et ce sont des ONG qui interviennent souvent et qui payent 800 mille francs guin\u00e9ens \u00a0pour deux heures<\/em>\u00a0\u00bb\u00a0, dit-il.<\/p>\n<p>Sur la m\u00eame lanc\u00e9e, il a signal\u00e9 qu\u2019en p\u00e9riode \u00e9lectorale, \u00a0la crise ne p\u00e8se pas tellement. \u00ab Les politiques et les ONG internationales font beaucoup d\u2019interventions. En ce moment-l\u00e0, c\u2019est plus ais\u00e9 de pouvoir g\u00e9rer la situation. Mais en p\u00e9riode creuse, ce n\u2019est pas possible de le faire.<br \/>\nEt malgr\u00e9 les performances des r\u00e9sultats obtenus pendant cette p\u00e9riode, vous n\u2019engrangez pas plus de 15 millions \u00e0 la fin du mois. Alors que vous avez en face de vous pr\u00e8s de 45 millions de francs guin\u00e9ens de d\u00e9penses \u00bb, a-t-il laiss\u00e9 entendre.<\/p>\n<p><strong>\u00a0Billetdujour.com<\/strong><\/p>\n","protected":false},"excerpt":{"rendered":"<p>Invit\u00e9 \u00a0dans une \u00e9mission de la radio Sambari fm, au milieu du week-end dernier sur la probl\u00e9matique du fonctionnement de la maison de la presse de Guin\u00e9e. Hassane Kaba d\u00e9balle tout.\u00a0\u00ab\u00a0De 2008 \u00e0 2018, le loyer \u00e0 la maison de la presse est pass\u00e9 de 5 millions \u00e0 20 millions de francs guin\u00e9ens\u00a0 par mois [&hellip;]<\/p>\n","protected":false},"author":2,"featured_media":2713,"comment_status":"open","ping_status":"closed","sticky":false,"template":"","format":"standard","meta":{"buzzeditor_post_format":"","footnotes":""},"categories":[1],"tags":[],"class_list":["post-2712","post","type-post","status-publish","format-standard","has-post-thumbnail","hentry","category-non-classe"],"jetpack_featured_media_url":"https:\/\/guineechrono.com\/wp-content\/uploads\/2018\/12\/Hassane-Kaba.jpg","amp_enabled":true,"_links":{"self":[{"href":"https:\/\/guineechrono.com\/index.php\/wp-json\/wp\/v2\/posts\/2712","targetHints":{"allow":["GET"]}}],"collection":[{"href":"https:\/\/guineechrono.com\/index.php\/wp-json\/wp\/v2\/posts"}],"about":[{"href":"https:\/\/guineechrono.com\/index.php\/wp-json\/wp\/v2\/types\/post"}],"author":[{"embeddable":true,"href":"https:\/\/guineechrono.com\/index.php\/wp-json\/wp\/v2\/users\/2"}],"replies":[{"embeddable":true,"href":"https:\/\/guineechrono.com\/index.php\/wp-json\/wp\/v2\/comments?post=2712"}],"version-history":[{"count":0,"href":"https:\/\/guineechrono.com\/index.php\/wp-json\/wp\/v2\/posts\/2712\/revisions"}],"wp:featuredmedia":[{"embeddable":true,"href":"https:\/\/guineechrono.com\/index.php\/wp-json\/wp\/v2\/media\/2713"}],"wp:attachment":[{"href":"https:\/\/guineechrono.com\/index.php\/wp-json\/wp\/v2\/media?parent=2712"}],"wp:term":[{"taxonomy":"category","embeddable":true,"href":"https:\/\/guineechrono.com\/index.php\/wp-json\/wp\/v2\/categories?post=2712"},{"taxonomy":"post_tag","embeddable":true,"href":"https:\/\/guineechrono.com\/index.php\/wp-json\/wp\/v2\/tags?post=2712"}],"curies":[{"name":"wp","href":"https:\/\/api.w.org\/{rel}","templated":true}]}}