{"id":27268,"date":"2022-01-25T16:54:28","date_gmt":"2022-01-25T15:54:28","guid":{"rendered":"https:\/\/guineechrono.com\/?p=27268"},"modified":"2022-01-25T16:54:28","modified_gmt":"2022-01-25T15:54:28","slug":"anaim-le-nouveau-directeur-general-mohamed-bangoura-installe-dans-ses-fonctions","status":"publish","type":"post","link":"https:\/\/guineechrono.com\/index.php\/anaim-le-nouveau-directeur-general-mohamed-bangoura-installe-dans-ses-fonctions\/","title":{"rendered":"ANAIM : le nouveau directeur g\u00e9n\u00e9ral, Mohamed Bangoura install\u00e9 dans ses fonctions"},"content":{"rendered":"<p><strong>Nomm\u00e9 le 19 janvier dernier par un d\u00e9cret du pr\u00e9sident de la transition Colonel Mamadi Doumbouya, le nouveau directeur g\u00e9n\u00e9ral de l\u2019Agence Nationale des Infrastructures Mini\u00e8res (ANAIM) a pris fonction ce lundi 24 janvier 2022. La c\u00e9r\u00e9monie a \u00e9t\u00e9 pr\u00e9sid\u00e9e par le ministre secr\u00e9taire g\u00e9n\u00e9ral du gouvernement, accompagn\u00e9 par le ministre des mines et de la g\u00e9ologie. <\/strong><\/p>\n<p>D\u2019entr\u00e9e, le ministre secr\u00e9taire g\u00e9n\u00e9ral du gouvernement a transmis le message du pr\u00e9sident de la transition, Colonel Mamadi Doumbouya au deux directeurs g\u00e9n\u00e9raux (sortant et entrant).<\/p>\n<p>\u00ab\u00a0Le directeur g\u00e9n\u00e9ral sortant, vous avez dirig\u00e9 avec un certain courage et une certaine efficacit\u00e9 l\u2019ANAIM. Vous avez servi avec technicit\u00e9 pour am\u00e9liorer les conditions de vie des travailleurs de cette institution. \u00a0Les reformes ont \u00e9t\u00e9 initi\u00e9es sous votre leadership, et qui ont permis d\u2019am\u00e9liorer le processus de gestion efficace des infrastructures mini\u00e8res. \u00a0Pour tous ces services loyaux rendus \u00e0 la Nation, je profite de cette occasion solennelle pour vous dire merci au nom du pr\u00e9sident de la r\u00e9publique et au nom du premier ministre, chef du gouvernement.<\/p>\n<p><a href=\"https:\/\/guineechrono.com\/wp-content\/uploads\/2022\/01\/ANAIM1.jpg\"><img fetchpriority=\"high\" decoding=\"async\" class=\"aligncenter size-medium wp-image-27270\" src=\"https:\/\/guineechrono.com\/wp-content\/uploads\/2022\/01\/ANAIM1-300x215.jpg\" alt=\"\" width=\"300\" height=\"215\" srcset=\"https:\/\/guineechrono.com\/wp-content\/uploads\/2022\/01\/ANAIM1-300x215.jpg 300w, https:\/\/guineechrono.com\/wp-content\/uploads\/2022\/01\/ANAIM1.jpg 446w\" sizes=\"(max-width: 300px) 100vw, 300px\" \/><\/a>\u00ab Le Directeur G\u00e9n\u00e9ral entrant, votre nomination est l\u2019expression de la confiance que le Chef de l\u2019Etat a plac\u00e9 \u00e0 la promotion des cadres bas\u00e9s sur la comp\u00e9tence et l\u2019engagement des uns et des autres pour s\u2019int\u00e9grer dans le processus de d\u00e9veloppement socio-\u00e9conomiques de notre pays. \u00a0Vous prenez fonction ou notre pays cherche \u00e0 mettre en confiance les investisseurs dans ce domaine pour diversifier notamment les investissements et accroitre d\u2019avantage le nombre d\u2019emplois et de ressources dans le secteur. Je vous invite particuli\u00e8rement a assur\u00e9 un suivi rigoureux dans le respect des lois et des r\u00e8glements relatifs \u00e0 la gestion des infrastructures mini\u00e8res au b\u00e9n\u00e9fice de la population \u00bb.<\/p>\n<p>De son c\u00f4t\u00e9, Lamine Ciss\u00e9, le directeur sortant a invit\u00e9 son successeur de finaliser ses \u0153uvres. \u00ab\u00a0Je suis tr\u00e8s \u00e9mu et tr\u00e8s heureux d\u2019\u00eatre parmi vous aujourd\u2019hui. De 1995 jusqu\u2019 aujourd\u2019hui, nous avons connu assez de difficult\u00e9s, mais il faut se dire que c\u2019est gr\u00e2ce \u00e0 la bravoure de cadres qui m\u2019ont entour\u00e9. Le moment que nous prenions l\u2019ANAIM il y avait qu\u2019un seul bureau. Je vous encourage \u00e0 faire en sorte que les \u0153uvres que nous avions entam\u00e9, vous puissiez intelligemment achever comme je l\u2019ai fait, utilisez chaque intelligence du planton jusqu\u2019au plus haut niveau\u00a0\u00bb.<\/p>\n<p>Pour sa part, Mohamed Bangoura, directeur \u00a0g\u00e9n\u00e9ral entrant\u00a0a d\u00e9voil\u00e9 ses priorit\u00e9s \u00e0 la t\u00eate de l\u2019ANAIM. \u00ab\u00a0Ma d\u00e9signation ne doit pas me faire oublier le poids de ma responsabilit\u00e9 qui m\u2019ai confi\u00e9, et je suis convaincu qu\u2019ensemble que nous allons relever les d\u00e9fis et r\u00e9pondre aux attentes qui nous ont assign\u00e9es. Et ceux, conform\u00e9ment aux orientations exprim\u00e9es par le CNRD\u00a0 depuis le 05 septembre 2021, sous l\u2019impulsion du pr\u00e9sident de la transition, Colonel Mamadi Doumbouya qui a d\u00e9cid\u00e9 de placer l\u2019int\u00e9r\u00eat de la Guin\u00e9e au c\u0153ur des priorit\u00e9s, la guin\u00e9e d\u2019abord. A cet \u00e9gard, je vous exhorte \u00e0 vous mettre au travail sans d\u00e9lai avec professionnalisme, rigueur et d\u2019un esprit d\u2019\u00e9quipe. Pour ma part, je ne m\u00e9nagerai aucun effort \u00e0 vos c\u00f4t\u00e9s et \u00e0 l\u2019ensemble de nos partenaires avec le soutien de notre tutelle pour faire de l\u2019ANAIM, l\u2019acteur incontournable dans le domaine des infrastructures mini\u00e8res au service du secteur minier de la guin\u00e9e en particulier et de l\u2019\u00e9conomie en g\u00e9n\u00e9rale\u00a0\u00bb.<\/p>\n<p>Il faut rappeler que Mohamed Bangoura est le 7<sup>\u00e8me<\/sup> directeur g\u00e9n\u00e9ral de l\u2019Agence Nationale des Infrastructures Mini\u00e8res.<\/p>\n<p><strong>Aboubacar Pastoria Camara<\/strong><\/p>\n<p><strong>Tel\u00a0: 00224 628 08 45 86<\/strong><\/p>\n<p><strong>\u00a0\u00a0\u00a0\u00a0<\/strong><\/p>\n","protected":false},"excerpt":{"rendered":"<p>Nomm\u00e9 le 19 janvier dernier par un d\u00e9cret du pr\u00e9sident de la transition Colonel Mamadi Doumbouya, le nouveau directeur g\u00e9n\u00e9ral de l\u2019Agence Nationale des Infrastructures Mini\u00e8res (ANAIM) a pris fonction ce lundi 24 janvier 2022. La c\u00e9r\u00e9monie a \u00e9t\u00e9 pr\u00e9sid\u00e9e par le ministre secr\u00e9taire g\u00e9n\u00e9ral du gouvernement, accompagn\u00e9 par le ministre des mines et de [&hellip;]<\/p>\n","protected":false},"author":2,"featured_media":27269,"comment_status":"open","ping_status":"closed","sticky":false,"template":"","format":"standard","meta":{"buzzeditor_post_format":"","footnotes":""},"categories":[44],"tags":[],"class_list":["post-27268","post","type-post","status-publish","format-standard","has-post-thumbnail","hentry","category-economie"],"jetpack_featured_media_url":"https:\/\/guineechrono.com\/wp-content\/uploads\/2022\/01\/ANAIM.jpg","amp_enabled":true,"_links":{"self":[{"href":"https:\/\/guineechrono.com\/index.php\/wp-json\/wp\/v2\/posts\/27268","targetHints":{"allow":["GET"]}}],"collection":[{"href":"https:\/\/guineechrono.com\/index.php\/wp-json\/wp\/v2\/posts"}],"about":[{"href":"https:\/\/guineechrono.com\/index.php\/wp-json\/wp\/v2\/types\/post"}],"author":[{"embeddable":true,"href":"https:\/\/guineechrono.com\/index.php\/wp-json\/wp\/v2\/users\/2"}],"replies":[{"embeddable":true,"href":"https:\/\/guineechrono.com\/index.php\/wp-json\/wp\/v2\/comments?post=27268"}],"version-history":[{"count":0,"href":"https:\/\/guineechrono.com\/index.php\/wp-json\/wp\/v2\/posts\/27268\/revisions"}],"wp:featuredmedia":[{"embeddable":true,"href":"https:\/\/guineechrono.com\/index.php\/wp-json\/wp\/v2\/media\/27269"}],"wp:attachment":[{"href":"https:\/\/guineechrono.com\/index.php\/wp-json\/wp\/v2\/media?parent=27268"}],"wp:term":[{"taxonomy":"category","embeddable":true,"href":"https:\/\/guineechrono.com\/index.php\/wp-json\/wp\/v2\/categories?post=27268"},{"taxonomy":"post_tag","embeddable":true,"href":"https:\/\/guineechrono.com\/index.php\/wp-json\/wp\/v2\/tags?post=27268"}],"curies":[{"name":"wp","href":"https:\/\/api.w.org\/{rel}","templated":true}]}}