{"id":27310,"date":"2022-01-28T13:17:06","date_gmt":"2022-01-28T12:17:06","guid":{"rendered":"https:\/\/guineechrono.com\/?p=27310"},"modified":"2022-01-28T13:17:06","modified_gmt":"2022-01-28T12:17:06","slug":"reprise-a-la-fonction-publique-des-agents-de-la-police-admis-a-la-retraite-le-ministre-julien-yombouno-apporte-des-precisions","status":"publish","type":"post","link":"https:\/\/guineechrono.com\/index.php\/reprise-a-la-fonction-publique-des-agents-de-la-police-admis-a-la-retraite-le-ministre-julien-yombouno-apporte-des-precisions\/","title":{"rendered":"Reprise \u00e0 la fonction publique des agents de la police admis \u00e0 la retraite: le ministre Julien Yombouno apporte des pr\u00e9cisions"},"content":{"rendered":"<p>Le ministre de la fonction publique et du travail, Julien Yombouno a fait sortie dans la soir\u00e9e de ce jeudi 27 janvier 2022 \u00e0 la t\u00e9l\u00e9vision nationale pour apporter un d\u00e9menti sur la pr\u00e9tendue reprise \u00e0 la fonction publique des agents de la police admis \u00e0 la retraite \u00e0 la fin de l\u2019ann\u00e9e 2021.<\/p>\n<p>Dans sa communication, le ministre Julien Yombouno a fait savoir qu\u2019il reconnait avoir re\u00e7u une requ\u00eate de son homologue de la S\u00e9curit\u00e9 et de la protection civile concernant la situation de 280 agents de police sur 568 mis \u00e0 la retraite le 31 d\u00e9cembre 2021 par un d\u00e9cret pr\u00e9sidentiel.<\/p>\n<p>R\u00e9pondant \u00e0 la requ\u00eate du ministre de la s\u00e9curit\u00e9, Monsieur Julien Yombouno a expliqu\u00e9 que son d\u00e9partement \u00a0\u00a0a fait un accus\u00e9 de r\u00e9ception.<\/p>\n<p>Pour lui, ces agents de la police en question ne sont pas du tout repris par la fonction publique.<\/p>\n<p>\u00c0 noter que cette affaire de reprise de 280 agents de police sur 568 mis \u00e0 la retraite a aliment\u00e9 le d\u00e9bat \u00a0sur les r\u00e9seaux sociaux ces derniers temps en Guin\u00e9e.<\/p>\n<p><strong>R\u00e9daction <\/strong><\/p>\n","protected":false},"excerpt":{"rendered":"<p>Le ministre de la fonction publique et du travail, Julien Yombouno a fait sortie dans la soir\u00e9e de ce jeudi 27 janvier 2022 \u00e0 la t\u00e9l\u00e9vision nationale pour apporter un d\u00e9menti sur la pr\u00e9tendue reprise \u00e0 la fonction publique des agents de la police admis \u00e0 la retraite \u00e0 la fin de l\u2019ann\u00e9e 2021. Dans [&hellip;]<\/p>\n","protected":false},"author":2,"featured_media":27313,"comment_status":"open","ping_status":"closed","sticky":false,"template":"","format":"standard","meta":{"buzzeditor_post_format":"","footnotes":""},"categories":[42],"tags":[],"class_list":["post-27310","post","type-post","status-publish","format-standard","has-post-thumbnail","hentry","category-news"],"jetpack_featured_media_url":"https:\/\/guineechrono.com\/wp-content\/uploads\/2022\/01\/yombouno.jpg","amp_enabled":true,"_links":{"self":[{"href":"https:\/\/guineechrono.com\/index.php\/wp-json\/wp\/v2\/posts\/27310","targetHints":{"allow":["GET"]}}],"collection":[{"href":"https:\/\/guineechrono.com\/index.php\/wp-json\/wp\/v2\/posts"}],"about":[{"href":"https:\/\/guineechrono.com\/index.php\/wp-json\/wp\/v2\/types\/post"}],"author":[{"embeddable":true,"href":"https:\/\/guineechrono.com\/index.php\/wp-json\/wp\/v2\/users\/2"}],"replies":[{"embeddable":true,"href":"https:\/\/guineechrono.com\/index.php\/wp-json\/wp\/v2\/comments?post=27310"}],"version-history":[{"count":0,"href":"https:\/\/guineechrono.com\/index.php\/wp-json\/wp\/v2\/posts\/27310\/revisions"}],"wp:featuredmedia":[{"embeddable":true,"href":"https:\/\/guineechrono.com\/index.php\/wp-json\/wp\/v2\/media\/27313"}],"wp:attachment":[{"href":"https:\/\/guineechrono.com\/index.php\/wp-json\/wp\/v2\/media?parent=27310"}],"wp:term":[{"taxonomy":"category","embeddable":true,"href":"https:\/\/guineechrono.com\/index.php\/wp-json\/wp\/v2\/categories?post=27310"},{"taxonomy":"post_tag","embeddable":true,"href":"https:\/\/guineechrono.com\/index.php\/wp-json\/wp\/v2\/tags?post=27310"}],"curies":[{"name":"wp","href":"https:\/\/api.w.org\/{rel}","templated":true}]}}