{"id":27322,"date":"2022-01-28T19:36:43","date_gmt":"2022-01-28T18:36:43","guid":{"rendered":"https:\/\/guineechrono.com\/?p=27322"},"modified":"2022-01-28T19:44:26","modified_gmt":"2022-01-28T18:44:26","slug":"baisse-des-tarifs-de-la-telephonie-mobile-le-president-de-lunion-des-consommateurs-de-guinee-a-salue-la-decision","status":"publish","type":"post","link":"https:\/\/guineechrono.com\/index.php\/baisse-des-tarifs-de-la-telephonie-mobile-le-president-de-lunion-des-consommateurs-de-guinee-a-salue-la-decision\/","title":{"rendered":"Baisse des tarifs de la t\u00e9l\u00e9phonie mobile: le pr\u00e9sident de l\u2019union des consommateurs de guin\u00e9e a salu\u00e9 la d\u00e9cision"},"content":{"rendered":"<p>Selon un communiqu\u00e9 de l\u2019ARPT, \u00e0 partir du 1er f\u00e9vrier 2022,\u00a0 les tarifs de la t\u00e9l\u00e9phonie mobile seront \u00e0 la baisse. Bon nombre de guin\u00e9ens ont salu\u00e9 cette nouvelle. C\u2019est le cas Mr. Ousmane Keita, pr\u00e9sident de l\u2019union des consommateurs de guin\u00e9e (UCG). Il l\u2019a dit ce vendredi 28 janvier 2022 chez nos confr\u00e8res du site mosaiqueguinee.com.<\/p>\n<p>\u00ab\u00a0L\u2019union des consommateurs de Guin\u00e9e adresse toute sa reconnaissance \u00e0 M. le Pr\u00e9sident de la transition, le Colonel Mamady Doumbouya et \u00e0 travers lui le Directeur g\u00e9n\u00e9ral de l\u2019ARPT et Mme la ministre des t\u00e9l\u00e9communications et de l\u2019\u00e9conomie num\u00e9rique. Conscient des efforts fournis par le gouvernement en se privant de ressources en ces temps difficiles, nous ne pouvons qu\u2019\u00eatre satisfaits de ce sacrifice fait pour les consommateurs. Il faut savoir que c\u2019est les populations les plus d\u00e9favoris\u00e9es qui profitaient de ces bonus pour communiquer le week-end pour la plupart\u00a0\u00bb.<\/p>\n<p>Il faut signaler que le pr\u00e9sident de la transition, \u00a0Colonel Mamadi Doumbouya a \u00e9galement ordonn\u00e9 la r\u00e9duction du tarif d\u2019interconnexion et la suppression de la redevance sur le trafic ON-NET.<\/p>\n<p><strong>R\u00e9daction <\/strong><\/p>\n","protected":false},"excerpt":{"rendered":"<p>Selon un communiqu\u00e9 de l\u2019ARPT, \u00e0 partir du 1er f\u00e9vrier 2022,\u00a0 les tarifs de la t\u00e9l\u00e9phonie mobile seront \u00e0 la baisse. Bon nombre de guin\u00e9ens ont salu\u00e9 cette nouvelle. C\u2019est le cas Mr. Ousmane Keita, pr\u00e9sident de l\u2019union des consommateurs de guin\u00e9e (UCG). Il l\u2019a dit ce vendredi 28 janvier 2022 chez nos confr\u00e8res du [&hellip;]<\/p>\n","protected":false},"author":2,"featured_media":27325,"comment_status":"open","ping_status":"closed","sticky":false,"template":"","format":"standard","meta":{"buzzeditor_post_format":"","footnotes":""},"categories":[44],"tags":[],"class_list":["post-27322","post","type-post","status-publish","format-standard","has-post-thumbnail","hentry","category-economie"],"jetpack_featured_media_url":"https:\/\/guineechrono.com\/wp-content\/uploads\/2022\/01\/UCG-2.jpeg","amp_enabled":true,"_links":{"self":[{"href":"https:\/\/guineechrono.com\/index.php\/wp-json\/wp\/v2\/posts\/27322","targetHints":{"allow":["GET"]}}],"collection":[{"href":"https:\/\/guineechrono.com\/index.php\/wp-json\/wp\/v2\/posts"}],"about":[{"href":"https:\/\/guineechrono.com\/index.php\/wp-json\/wp\/v2\/types\/post"}],"author":[{"embeddable":true,"href":"https:\/\/guineechrono.com\/index.php\/wp-json\/wp\/v2\/users\/2"}],"replies":[{"embeddable":true,"href":"https:\/\/guineechrono.com\/index.php\/wp-json\/wp\/v2\/comments?post=27322"}],"version-history":[{"count":0,"href":"https:\/\/guineechrono.com\/index.php\/wp-json\/wp\/v2\/posts\/27322\/revisions"}],"wp:featuredmedia":[{"embeddable":true,"href":"https:\/\/guineechrono.com\/index.php\/wp-json\/wp\/v2\/media\/27325"}],"wp:attachment":[{"href":"https:\/\/guineechrono.com\/index.php\/wp-json\/wp\/v2\/media?parent=27322"}],"wp:term":[{"taxonomy":"category","embeddable":true,"href":"https:\/\/guineechrono.com\/index.php\/wp-json\/wp\/v2\/categories?post=27322"},{"taxonomy":"post_tag","embeddable":true,"href":"https:\/\/guineechrono.com\/index.php\/wp-json\/wp\/v2\/tags?post=27322"}],"curies":[{"name":"wp","href":"https:\/\/api.w.org\/{rel}","templated":true}]}}