{"id":2750,"date":"2018-12-31T19:33:02","date_gmt":"2018-12-31T18:33:02","guid":{"rendered":"http:\/\/guineechrono.com\/?p=2750"},"modified":"2019-01-02T14:14:34","modified_gmt":"2019-01-02T13:14:34","slug":"sport-djene-kaba-cloture-la-finale-du-championnat-national-coupe-de-karite","status":"publish","type":"post","link":"https:\/\/guineechrono.com\/index.php\/sport-djene-kaba-cloture-la-finale-du-championnat-national-coupe-de-karite\/","title":{"rendered":"Sport : Dj\u00e8n\u00e8 Kaba cl\u00f4ture  la finale du championnat national coupe de Karat\u00e9"},"content":{"rendered":"<p style=\"font-weight: 400\"><strong>La f\u00e9d\u00e9ration guin\u00e9enne de Karat\u00e9 a organis\u00e9 la premi\u00e8re \u00e9dition du championnat national de la coupe dot\u00e9e du troph\u00e9e Pr Alpha Cond\u00e9, au palais des sports du stade du 28 septembre du 29 au 30 d\u00e9cembre 2018 sous la pr\u00e9sidence de la premi\u00e8re dame de la r\u00e9publique.<\/strong><\/p>\n<p style=\"font-weight: 400\">Selon, le pr\u00e9sident de la f\u00e9d\u00e9ration guin\u00e9enne de Karat\u00e9 M. Isma\u00ebl Cond\u00e9, l\u2019objectif principal \u00a0c\u2019est de pr\u00e9parer \u00a0les jeux olympiques de Tokyo 2020. \u00ab\u00a0La Guin\u00e9e a besoin de s\u2019affirmer, la Guin\u00e9e a besoin de confirmer son talent, les talents de ses meilleurs sportifs qui regorgent aujourd\u2019hui notre Karat\u00e9 guin\u00e9en. Mais cela ne va sans dire que les moyens ne doivent pas \u00eatre mis \u00e0 la disposition de cette f\u00e9d\u00e9ration pour \u00eatre au diapason de sa politique, de son ambition. C\u2019est pourquoi nous avons organis\u00e9 ce championnat national coupe pour bien pr\u00e9parer nos athl\u00e8tes \u00bb, rappelle-t-il.<\/p>\n<p style=\"font-weight: 400\">Il a \u00a0ensuite rappel\u00e9 les hauts faits de sa f\u00e9d\u00e9ration sur le plan national et international. Selon lui, la Guin\u00e9e est premi\u00e8re en Karat\u00e9 dans la sous-r\u00e9gion, et 11eme sur le plan africain sur 47 pays de l\u2019union des f\u00e9d\u00e9rations de karat\u00e9. \u00ab\u00a0Sur le plan national, la f\u00e9d\u00e9ration a 14 5 00 licenci\u00e9s. C\u2019est la deuxi\u00e8me f\u00e9d\u00e9ration sur le plan de nombre, et la premi\u00e8re f\u00e9d\u00e9ration sur le plan des r\u00e9sultats. Elle a \u00e0 son actif, 13 championnats d\u2019Afrique et 8 championnats au monde\u00bb, d\u00e9clare-t-il.<\/p>\n<p style=\"font-weight: 400\">Pour sa part, la premi\u00e8re dame Hadja Dj\u00e8n\u00e8 Kaba Cond\u00e9 a f\u00e9licit\u00e9 les organisateurs cette \u00a0initiative. \u00ab Je remercie au fond de mon c\u0153ur la commission d\u2019organisation la f\u00e9d\u00e9ration guin\u00e9enne de Karat\u00e9 et toutes les f\u00e9d\u00e9rations confondues. Et je remercie surtout les sportifs qui nous ont \u00e9merveill\u00e9s. Ce que je vais conseiller aux jeunes guin\u00e9ens, c\u2019est de pratiquer le sport et pratiquer une discipline sportive. On fait le Karat\u00e9 pour se prot\u00e9ger des agressions, pour avoir une bonne concentration, et canaliser son \u00e9nergie, la jeunesse guin\u00e9enne a besoin de cela de laver la t\u00eate des \u00e9nergies n\u00e9gatives,\u00bb a-t-elle conseill\u00e9.<\/p>\n<p style=\"font-weight: 400\">A noter que quatorze clubs plus les 8 ligues r\u00e9gionales ont pris part \u00e0 cette comp\u00e9tition initi\u00e9e par la f\u00e9d\u00e9ration guin\u00e9enne de Karat\u00e9.<\/p>\n<p><b>Aboubacar Pastoria Camara<\/b><\/p>\n","protected":false},"excerpt":{"rendered":"<p>La f\u00e9d\u00e9ration guin\u00e9enne de Karat\u00e9 a organis\u00e9 la premi\u00e8re \u00e9dition du championnat national de la coupe dot\u00e9e du troph\u00e9e Pr Alpha Cond\u00e9, au palais des sports du stade du 28 septembre du 29 au 30 d\u00e9cembre 2018 sous la pr\u00e9sidence de la premi\u00e8re dame de la r\u00e9publique. Selon, le pr\u00e9sident de la f\u00e9d\u00e9ration guin\u00e9enne de [&hellip;]<\/p>\n","protected":false},"author":2,"featured_media":2751,"comment_status":"open","ping_status":"closed","sticky":false,"template":"","format":"standard","meta":{"buzzeditor_post_format":"","footnotes":""},"categories":[1],"tags":[],"class_list":["post-2750","post","type-post","status-publish","format-standard","has-post-thumbnail","hentry","category-non-classe"],"jetpack_featured_media_url":"https:\/\/guineechrono.com\/wp-content\/uploads\/2018\/12\/Djene.jpg","amp_enabled":true,"_links":{"self":[{"href":"https:\/\/guineechrono.com\/index.php\/wp-json\/wp\/v2\/posts\/2750","targetHints":{"allow":["GET"]}}],"collection":[{"href":"https:\/\/guineechrono.com\/index.php\/wp-json\/wp\/v2\/posts"}],"about":[{"href":"https:\/\/guineechrono.com\/index.php\/wp-json\/wp\/v2\/types\/post"}],"author":[{"embeddable":true,"href":"https:\/\/guineechrono.com\/index.php\/wp-json\/wp\/v2\/users\/2"}],"replies":[{"embeddable":true,"href":"https:\/\/guineechrono.com\/index.php\/wp-json\/wp\/v2\/comments?post=2750"}],"version-history":[{"count":0,"href":"https:\/\/guineechrono.com\/index.php\/wp-json\/wp\/v2\/posts\/2750\/revisions"}],"wp:featuredmedia":[{"embeddable":true,"href":"https:\/\/guineechrono.com\/index.php\/wp-json\/wp\/v2\/media\/2751"}],"wp:attachment":[{"href":"https:\/\/guineechrono.com\/index.php\/wp-json\/wp\/v2\/media?parent=2750"}],"wp:term":[{"taxonomy":"category","embeddable":true,"href":"https:\/\/guineechrono.com\/index.php\/wp-json\/wp\/v2\/categories?post=2750"},{"taxonomy":"post_tag","embeddable":true,"href":"https:\/\/guineechrono.com\/index.php\/wp-json\/wp\/v2\/tags?post=2750"}],"curies":[{"name":"wp","href":"https:\/\/api.w.org\/{rel}","templated":true}]}}