{"id":2759,"date":"2019-01-02T14:43:36","date_gmt":"2019-01-02T13:43:36","guid":{"rendered":"http:\/\/guineechrono.com\/?p=2759"},"modified":"2019-01-02T14:43:36","modified_gmt":"2019-01-02T13:43:36","slug":"fatou-badiar-graciee-satisfait-son-avocat-remercie-le-chef-de-letat-et-le-ministre-de-la-justice","status":"publish","type":"post","link":"https:\/\/guineechrono.com\/index.php\/fatou-badiar-graciee-satisfait-son-avocat-remercie-le-chef-de-letat-et-le-ministre-de-la-justice\/","title":{"rendered":"Fatou Badiar graci\u00e9e : satisfait, son avocat remercie le Chef de l\u2019Etat et le ministre de la justice"},"content":{"rendered":"<p>Dans un d\u00e9cret lu lundi soir, sur les antennes de la RTG, le pr\u00e9sident Alpha Cond\u00e9, a accord\u00e9 sa gr\u00e2ce, \u00e0 Fatou Badiar Diallo, Almamy Aguibou et Mamadou Alpha Diallo. Tous condamn\u00e9s pour atteinte \u00e0 la s\u00fbret\u00e9 de l\u2019Etat, au sujet de leur implication suppos\u00e9e dans l\u2019attaque du domicile priv\u00e9 du pr\u00e9sident Alpha Cond\u00e9, par un commando arm\u00e9 en 2011.<\/p>\n<p>L\u2019un de leurs avocats, ma\u00eetre Salifou B\u00e9avogui, que nous avons joint, ce mercredi, 02 Janvier 2018, se r\u00e9jouit de cette d\u00e9cision du pr\u00e9sident Alpha Cond\u00e9.<\/p>\n<p>\u00ab<em>Je suis tr\u00e8s content que monsieur le pr\u00e9sident de la R\u00e9publique, ait accord\u00e9 la gr\u00e2ce pr\u00e9sidentielle \u00e0 notre cliente, madame Fatou Badiar Diallo, et les deux autres clients. Nous les avons d\u00e9fendus depuis leur interpellation<\/em>\u00bb, a dit cet avocat, au bout du fil.<\/p>\n<p>Maitre Salifou B\u00e9avogui, a \u00e9galement remerci\u00e9 le ministre de la justice, garde des sceaux, Me Cheick Sako, pour avoir contribu\u00e9 \u00e0 cette gr\u00e2ce pr\u00e9sidentielle.<\/p>\n<p>\u00ab<em>Je remercie vivement le ministre de la justice et garde des sceaux pour son implication personnelle en faveur de cette gr\u00e2ce pr\u00e9sidentielle<\/em>\u00bb<\/p>\n<p>Pour rappel, Fatou Badiar, a \u00e9t\u00e9 condamn\u00e9e en 2012 , \u00e0 15 ans de prison ferme.<\/p>\n<p><strong>mosaiqueguinee.com<\/strong><\/p>\n","protected":false},"excerpt":{"rendered":"<p>Dans un d\u00e9cret lu lundi soir, sur les antennes de la RTG, le pr\u00e9sident Alpha Cond\u00e9, a accord\u00e9 sa gr\u00e2ce, \u00e0 Fatou Badiar Diallo, Almamy Aguibou et Mamadou Alpha Diallo. Tous condamn\u00e9s pour atteinte \u00e0 la s\u00fbret\u00e9 de l\u2019Etat, au sujet de leur implication suppos\u00e9e dans l\u2019attaque du domicile priv\u00e9 du pr\u00e9sident Alpha Cond\u00e9, par [&hellip;]<\/p>\n","protected":false},"author":2,"featured_media":2760,"comment_status":"open","ping_status":"closed","sticky":false,"template":"","format":"standard","meta":{"buzzeditor_post_format":"","footnotes":""},"categories":[1],"tags":[],"class_list":["post-2759","post","type-post","status-publish","format-standard","has-post-thumbnail","hentry","category-non-classe"],"jetpack_featured_media_url":"https:\/\/guineechrono.com\/wp-content\/uploads\/2019\/01\/B\u00e9a-avocat.jpg","amp_enabled":true,"_links":{"self":[{"href":"https:\/\/guineechrono.com\/index.php\/wp-json\/wp\/v2\/posts\/2759","targetHints":{"allow":["GET"]}}],"collection":[{"href":"https:\/\/guineechrono.com\/index.php\/wp-json\/wp\/v2\/posts"}],"about":[{"href":"https:\/\/guineechrono.com\/index.php\/wp-json\/wp\/v2\/types\/post"}],"author":[{"embeddable":true,"href":"https:\/\/guineechrono.com\/index.php\/wp-json\/wp\/v2\/users\/2"}],"replies":[{"embeddable":true,"href":"https:\/\/guineechrono.com\/index.php\/wp-json\/wp\/v2\/comments?post=2759"}],"version-history":[{"count":0,"href":"https:\/\/guineechrono.com\/index.php\/wp-json\/wp\/v2\/posts\/2759\/revisions"}],"wp:featuredmedia":[{"embeddable":true,"href":"https:\/\/guineechrono.com\/index.php\/wp-json\/wp\/v2\/media\/2760"}],"wp:attachment":[{"href":"https:\/\/guineechrono.com\/index.php\/wp-json\/wp\/v2\/media?parent=2759"}],"wp:term":[{"taxonomy":"category","embeddable":true,"href":"https:\/\/guineechrono.com\/index.php\/wp-json\/wp\/v2\/categories?post=2759"},{"taxonomy":"post_tag","embeddable":true,"href":"https:\/\/guineechrono.com\/index.php\/wp-json\/wp\/v2\/tags?post=2759"}],"curies":[{"name":"wp","href":"https:\/\/api.w.org\/{rel}","templated":true}]}}