{"id":27754,"date":"2022-02-24T16:29:16","date_gmt":"2022-02-24T15:29:16","guid":{"rendered":"https:\/\/guineechrono.com\/?p=27754"},"modified":"2022-02-24T16:38:08","modified_gmt":"2022-02-24T15:38:08","slug":"le-ministre-du-commerce-bernard-gomou-est-il-devenu-porte-parole-de-kaba-guiter","status":"publish","type":"post","link":"https:\/\/guineechrono.com\/index.php\/le-ministre-du-commerce-bernard-gomou-est-il-devenu-porte-parole-de-kaba-guiter\/","title":{"rendered":"Le ministre du Commerce Bernard Gomou est-il devenu porte-parole de Kaba Guiter ?"},"content":{"rendered":"<div id=\"td-mobile-nav\">\n<div class=\"td-mobile-container\">\n<div class=\"td-mobile-content\">\n<div class=\"menu-td-demo-header-menu-container\">\n<p><strong>Le ministre du Commerce Bernard Gomou multiplie les sorties m\u00e9diatiques rat\u00e9es autour du patronat guin\u00e9en dont l\u2019unification est dor\u00e9navant plus que comprise. La semaine derni\u00e8re, Bernard Gomou \u00e9tait sur Fim FM pour d\u00e9fendre l\u2019ind\u00e9fendable dans un incroyable patois, avec des arguments fallacieusement tir\u00e9s des chevaux. En quelque sorte, le ministre a \u00e9tal\u00e9 sur la place publique toute sa carence, son manque criard de ma\u00eetrise du dossier et son soutien ind\u00e9fectible \u00e0 Kaba Guiter, autoproclam\u00e9 pr\u00e9sident du CNP-Guin\u00e9e.\u00a0<\/strong><\/p>\n<\/div>\n<\/div>\n<\/div>\n<\/div>\n<div id=\"td-outer-wrap\" class=\"td-theme-wrap\">\n<div class=\"td-main-content-wrap td-container-wrap\">\n<div class=\"td-container td-post-template-default \">\n<div class=\"td-pb-row\">\n<div class=\"td-pb-span8 td-main-content\" role=\"main\">\n<div class=\"td-ss-main-content\">\n<article id=\"post-5179\" class=\"post-5179 post type-post status-publish format-standard has-post-thumbnail hentry category-featured category-news category-politique\">\n<div class=\"td-post-content\">\n<p>\u201cSur le processus d\u2019unification, je suis tr\u00e8s satisfait parce que personne ne pouvait s\u2019imaginer si les trois patronats CNP-PAG-CPG pouvaient accepter de venir parce que je les ai invit\u00e9s \u00e0 mon cabinet\u201d, dit-il.<\/p>\n<p>Acte I. Passons outre le fait qu\u2019il s\u2019exprime dans un verbiage inint\u00e9ressant. Le ministre informe l\u2019opinion publique qu\u2019il est d\u00e9j\u00e0 satisfait (de quoi? de ce processus n\u2019ayant pas encore abouti? de la confusion entretenu?du plan diabolique visant \u00e0 exclure le pr\u00e9sident du CNP-Guin\u00e9e Elhadj HabibHann?)<\/p>\n<p>\u201dIls sont venus, je les ai dit effectivement ce dont le chef de l\u2019\u00c9tat a besoin, ce dont le Premier ministre a besoin, aujourd\u2019hui d\u2019un patronat unifi\u00e9\u201d, ajoute-t-il. Son pataqu\u00e8s qu\u2019un coll\u00e9gien ne tarderait pas \u00e0 exhumer est ahurissant.<\/p>\n<p>\u201dD\u00e9j\u00e0 dans la salle, il y avait Kaba Guiter qui repr\u00e9sentait le CNP, il y avait Isma\u00ebl Ke\u00efta qui repr\u00e9sentait le PAG et le CPG \u00e9tait repr\u00e9sent\u00e9 par KPC. S\u00e9ance tenante, ils se sont tenus la main. Ils se sont salu\u00e9. Ils ont dit \u2013 Monsieur le ministre, nous allons dans votre vision, nous allons dans un patronat unifi\u00e9\u201d, lance-t-il au micro de Fim FM.<\/p>\n<p>Rien de nouveau sous le soleil, si ce n\u2019est le niveau d\u2019un ministre limit\u00e9 qui affiche clairement -sans la moindre pr\u00e9caution- sa position et son soutien total \u00e0 Kaba Guiter vis-\u00e0-vis du pr\u00e9sident Elhadj Habib Hann, lequel reste et demeure le pr\u00e9sident r\u00e9guli\u00e8rement \u00e9lu du CNP-Guin\u00e9e, \u00e0 la suite d\u2019un congr\u00e8s \u00e9lectif.<\/p>\n<p>Acte II. Le ministre Bernard Gomou a pris partie. C\u2019est l\u00e0 un handicap qui va alt\u00e9rer s\u00e9rieusement son jugement et sa pr\u00e9tendue m\u00e9diation.<\/p>\n<p>Mais tout le monde n\u2019est pas d\u2019accord avec ce que vous dites, vu la sortie des banquiers, des assureurs, des miniers et bien d\u2019autres op\u00e9rateurs \u00e9conomiques, mart\u00e8lent les journalistes de Fim FM.<\/p>\n<p>Comme pour \u00e9viter de perdre d\u00e9finitivement la face, Bernard Gomou botte en touche: \u201dQuand ceux-l\u00e0 m\u2019ont saisi, je les ai invit\u00e9s avec les trois patronats pour se mettre ensemble et mettre un truc consultatif pour me sortir un document qu\u2019ils vont me d\u00e9poser lundi (NDLR 21 f\u00e9vrier). Ce document va dans le sens de la proposition d\u2019un nom et la r\u00e9daction de nouveaux statuts pour le nouveau patronat. Et peut-\u00eatre mettre en place un bureau transitoire (sic!) et convoquer le congr\u00e8s \u00e9lectif dans deux ou trois mois\u201d.<\/p>\n<p>Acte III. Le ministre oriente le clan Guiter, fixe des modalit\u00e9s, donne des directives et date m\u00eame les congr\u00e8s. Toutes choses qui compromettent davantage sa neutralit\u00e9 revendiqu\u00e9e et engagent son gouvernement dans une perspective d\u2019immixion dans l\u2019organisation, le fonctionnement et le processus \u00e9lectoral d\u2019une organisation sociale. Cela d\u00e9note un manque de culture d\u00e9mocratique et le viol syst\u00e9matique de toutes les dispositions l\u00e9gales en mati\u00e8re de droit social.<\/p>\n<p>Acte IV. Contrairement aux yeux doux qu\u2019il fait \u00e0 Kaba Guiter, le \u201dministron\u201d du Commerce met plut\u00f4t la pression sur le pr\u00e9sident r\u00e9guli\u00e8rement \u00e9lu, Elhadj Habib Hann, pour amener celui-ci \u00e0 abandonner ses droits et ses pr\u00e9rogatives au b\u00e9n\u00e9fice de son adversaire.<\/p>\n<p>\u201dJ\u2019ai demand\u00e9 \u00e0 Monsieur Habib Hann, aujourd\u2019hui c\u2019est la Guin\u00e9e qui doit \u00eatre unifi\u00e9e. Il faut que chacun laisse ses egos (sic!) ensemble et de monter \u00e0 bord dans le m\u00eame bateau que ses coll\u00e8gues, parce que le fait d\u2019\u00eatre \u00e0 la marge et revendiquer, nous ne sommes pas dans la revendication, aujourd\u2019hui nous voulons que tout le monde se mette ensemble pour pouvoir constituer un nouveau patronat\u201d.<\/p>\n<p>Au regard de ce qui pr\u00e9c\u00e8de, on se demande si Bernard Gomou m\u00e9rite encore d\u2019\u00eatre retenu dans une \u00e9quipe gouvernement qui se respecte. Les innombrables lacunes qu\u2019il a exhib\u00e9es devant les journalistes montrent \u00e0 suffisance l\u2019utilit\u00e9 de v\u00e9rifier, en amont, les CV de ceux qui aspirent \u00e0 de hautes fonctions administratives.<\/p>\n<p>A la place d\u2019un HOMME D\u2019\u00c9TAT et d\u2019un fin n\u00e9gociateur, l\u2019opinion publique d\u00e9couvre un Bernard Gomou qui tricote le vocabulaire des semi-lettr\u00e9s, pour ne pas dire les illettr\u00e9s, compromettant dangereusement les chances d\u2019unification des patronats guin\u00e9ens.<\/p>\n<p>En lui, l\u2019opinion publique entrevoit l\u2019image d\u2019un gugusse d\u00e9fendant ses propres int\u00e9r\u00eats et ceux d\u2019un clan. A force de l\u2019\u00e9couter, on est contraint et forc\u00e9 de voir l\u2019action d\u00e9sesp\u00e9r\u00e9e et les resentiments d\u2019un gouvernant qui d\u00e9fend son bifteck (les diamants de Banakoro ont une vertu s\u00e9ductrice).<\/p>\n<p>N\u00e9anmoins, -et peut-\u00eatre sans le vouloir- Bernard Gomou a rappel\u00e9 que le patronat en gestation n\u2019est pas encore n\u00e9. Ses statuts et r\u00e8glements doivent \u00eatre r\u00e9dig\u00e9s. Il n\u2019a pas encore de nom propos\u00e9. Aucun bureau int\u00e9rimaire n\u2019est install\u00e9. Il faut tout cela pour envisager l\u2019organisation d\u2019un congr\u00e8s \u00e9lectif devant aboutir \u00e0 la d\u00e9signation du futur pr\u00e9sident du futur patronat unifi\u00e9 !!!<\/p>\n<p>Mais pourquoi Ansoumane Kaba alias Kaba Guiter s\u2019est-il autoproclam\u00e9 pr\u00e9sident d\u2019un truc qui n\u2019existe pas encore ? L\u2019on se rappelle qu\u2019il avait, il y a quelques semaines, distill\u00e9 cette information dans le site\u00a0<em>mosaiqueguinee.com<\/em>, comme quoi il a \u00e9t\u00e9 d\u00e9sign\u00e9 par ses pairs pour pr\u00e9sider le patronat unifi\u00e9 alors que les n\u00e9gociations venaient juste de prendre date.<\/p>\n<figure class=\"wp-block-image size-full\"><img decoding=\"async\" class=\"wp-image-4204 td-animation-stack-type0-2\" src=\"http:\/\/guinee7sur7.org\/wp-content\/uploads\/2022\/02\/Ansoumane-kaba-web.gif\" alt=\"\" \/><\/figure>\n<p>Et comme son caract\u00e8re lunatique est autant connu que sa personne, le site s\u2019est vite r\u00e9tract\u00e9 en d\u00e9saffichant cette infox que lui a balanc\u00e9e le sieur Ansoumane Kaba Guiter.<\/p>\n<p>Aujourd\u2019hui encore, obnubil\u00e9 et insatiable, il est aid\u00e9 en cela de son nouveau porte-parole, le ministre du Commerce en l\u2019occurrence, qui crit sur tous les toits que son heureux coquin est le seul reconnu au niveau international par la FOPAO, l\u2019OIT, et quoi d\u2019autre. Oubliant sa d\u00e9b\u00e2cle judiciaire en Guin\u00e9e, o\u00f9 son fameux congr\u00e8s, organis\u00e9 en catimini plut\u00f4t comme une noce, a \u00e9t\u00e9 invalidit\u00e9 par une d\u00e9cisiondejustice.<\/p>\n<p><strong>Kaba Guiter ou la mort pr\u00e9matur\u00e9e de la fa\u00eeti\u00e8re annonc\u00e9e<\/strong><\/p>\n<p>Autre information l\u00e2ch\u00e9e par l\u2019invit\u00e9 de Fim FM, la d\u00e9mobilisation provoqu\u00e9e par la mise en avant de Kaba Guiter par des man\u0153uvres dilatoires. En un mot, l\u2019\u00e9crasante majorit\u00e9 des f\u00e9d\u00e9rations patronales d\u00e9sapprouvent l\u2019action s\u00e9gr\u00e9gationniste du ministre du Commerce qui s\u2019emploie \u00e0 imposer ce dernier contre la volont\u00e9 g\u00e9n\u00e9rale.<\/p>\n<p>Il faut s\u2019attendre \u00e0 la d\u00e9fection massive des banquiers, des miniers, assureurs et op\u00e9rateurs \u00e9conomiques si le forcing pr\u00f4n\u00e9 par Guiter et Cie fait mousse. Car ils sont majoritaires les employeurs qui reconnaissent \u00e0 la famille Hann son r\u00f4le historique pr\u00e9pond\u00e9rant dans l\u2019\u00e9mancipation du CNP-Guin\u00e9e. Affaire \u00e0 suivre!<\/p>\n<p><em>Par<\/em>\u00a0<strong>sambegou Diallo\u00a0<\/strong><\/p>\n<\/div>\n<\/article>\n<\/div>\n<\/div>\n<\/div>\n<\/div>\n<\/div>\n<\/div>\n","protected":false},"excerpt":{"rendered":"<p>Le ministre du Commerce Bernard Gomou multiplie les sorties m\u00e9diatiques rat\u00e9es autour du patronat guin\u00e9en dont l\u2019unification est dor\u00e9navant plus que comprise. La semaine derni\u00e8re, Bernard Gomou \u00e9tait sur Fim FM pour d\u00e9fendre l\u2019ind\u00e9fendable dans un incroyable patois, avec des arguments fallacieusement tir\u00e9s des chevaux. En quelque sorte, le ministre a \u00e9tal\u00e9 sur la place [&hellip;]<\/p>\n","protected":false},"author":2,"featured_media":27755,"comment_status":"open","ping_status":"closed","sticky":false,"template":"","format":"standard","meta":{"buzzeditor_post_format":"","footnotes":""},"categories":[2,42,43],"tags":[],"class_list":["post-27754","post","type-post","status-publish","format-standard","has-post-thumbnail","hentry","category-featured","category-news","category-politique"],"jetpack_featured_media_url":"https:\/\/guineechrono.com\/wp-content\/uploads\/2022\/02\/Screenshot_20220221-173223_YouTube-1140x600-1.jpg","amp_enabled":true,"_links":{"self":[{"href":"https:\/\/guineechrono.com\/index.php\/wp-json\/wp\/v2\/posts\/27754","targetHints":{"allow":["GET"]}}],"collection":[{"href":"https:\/\/guineechrono.com\/index.php\/wp-json\/wp\/v2\/posts"}],"about":[{"href":"https:\/\/guineechrono.com\/index.php\/wp-json\/wp\/v2\/types\/post"}],"author":[{"embeddable":true,"href":"https:\/\/guineechrono.com\/index.php\/wp-json\/wp\/v2\/users\/2"}],"replies":[{"embeddable":true,"href":"https:\/\/guineechrono.com\/index.php\/wp-json\/wp\/v2\/comments?post=27754"}],"version-history":[{"count":0,"href":"https:\/\/guineechrono.com\/index.php\/wp-json\/wp\/v2\/posts\/27754\/revisions"}],"wp:featuredmedia":[{"embeddable":true,"href":"https:\/\/guineechrono.com\/index.php\/wp-json\/wp\/v2\/media\/27755"}],"wp:attachment":[{"href":"https:\/\/guineechrono.com\/index.php\/wp-json\/wp\/v2\/media?parent=27754"}],"wp:term":[{"taxonomy":"category","embeddable":true,"href":"https:\/\/guineechrono.com\/index.php\/wp-json\/wp\/v2\/categories?post=27754"},{"taxonomy":"post_tag","embeddable":true,"href":"https:\/\/guineechrono.com\/index.php\/wp-json\/wp\/v2\/tags?post=27754"}],"curies":[{"name":"wp","href":"https:\/\/api.w.org\/{rel}","templated":true}]}}