{"id":27876,"date":"2022-03-03T12:00:59","date_gmt":"2022-03-03T11:00:59","guid":{"rendered":"https:\/\/guineechrono.com\/?p=27876"},"modified":"2022-03-03T12:00:59","modified_gmt":"2022-03-03T11:00:59","slug":"conakry-le-procureur-special-de-la-crief-aly-toure-menace-de-mort","status":"publish","type":"post","link":"https:\/\/guineechrono.com\/index.php\/conakry-le-procureur-special-de-la-crief-aly-toure-menace-de-mort\/","title":{"rendered":"Conakry: le procureur sp\u00e9cial de la CRIEF, Aly Tour\u00e9 menac\u00e9 de mort"},"content":{"rendered":"<p><strong>C\u2019est une information qui fait la Une des medias ce jeudi 3 mars 2022. Le procureur sp\u00e9cial de la Cour de R\u00e9pression des Infractions Economiques et Financi\u00e8res (CRIEF), Aly Tour\u00e9 est menac\u00e9 de mort. <\/strong><\/p>\n<p>Selon les informations, le procureur a retrouv\u00e9 les tracts devant sa porte \u00e0 l\u2019aube, au moment o\u00f9 il se rendait \u00e0 la pri\u00e8re. Il affirme que ces menaces sont probablement li\u00e9es \u00e0 son Travail actuel qui consiste \u00e0 traquer les bandits \u00e0 col-blanc.<\/p>\n<p>Toutefois, malgr\u00e9 ces menaces, le procureur Aly Tour\u00e9 affiche toute sa d\u00e9termination \u00e0 envoyer derri\u00e8re les barreaux tous les criminels \u00e9conomiques. IL affirme donc ne pas \u00eatre \u00e9branl\u00e9 par ces menaces, qu&rsquo;il va aussi porter plainte contre X.<\/p>\n<p><a href=\"https:\/\/guineechrono.com\/wp-content\/uploads\/2022\/03\/menace.jpg\"><img fetchpriority=\"high\" decoding=\"async\" class=\"aligncenter size-full wp-image-27877\" src=\"https:\/\/guineechrono.com\/wp-content\/uploads\/2022\/03\/menace.jpg\" alt=\"\" width=\"208\" height=\"300\" \/><\/a><a href=\"https:\/\/guineechrono.com\/wp-content\/uploads\/2022\/03\/menacee.jpg\"><img decoding=\"async\" class=\"aligncenter size-full wp-image-27878\" src=\"https:\/\/guineechrono.com\/wp-content\/uploads\/2022\/03\/menacee.jpg\" alt=\"\" width=\"220\" height=\"300\" \/><\/a><a href=\"https:\/\/guineechrono.com\/wp-content\/uploads\/2022\/03\/menaceee.jpg\"><img decoding=\"async\" class=\"aligncenter size-full wp-image-27879\" src=\"https:\/\/guineechrono.com\/wp-content\/uploads\/2022\/03\/menaceee.jpg\" alt=\"\" width=\"216\" height=\"300\" \/><\/a><\/p>\n","protected":false},"excerpt":{"rendered":"<p>C\u2019est une information qui fait la Une des medias ce jeudi 3 mars 2022. Le procureur sp\u00e9cial de la Cour de R\u00e9pression des Infractions Economiques et Financi\u00e8res (CRIEF), Aly Tour\u00e9 est menac\u00e9 de mort. Selon les informations, le procureur a retrouv\u00e9 les tracts devant sa porte \u00e0 l\u2019aube, au moment o\u00f9 il se rendait \u00e0 [&hellip;]<\/p>\n","protected":false},"author":2,"featured_media":27880,"comment_status":"open","ping_status":"closed","sticky":false,"template":"","format":"standard","meta":{"buzzeditor_post_format":"","footnotes":""},"categories":[1],"tags":[],"class_list":["post-27876","post","type-post","status-publish","format-standard","has-post-thumbnail","hentry","category-non-classe"],"jetpack_featured_media_url":"https:\/\/guineechrono.com\/wp-content\/uploads\/2022\/03\/aly-toure.jpg","amp_enabled":true,"_links":{"self":[{"href":"https:\/\/guineechrono.com\/index.php\/wp-json\/wp\/v2\/posts\/27876","targetHints":{"allow":["GET"]}}],"collection":[{"href":"https:\/\/guineechrono.com\/index.php\/wp-json\/wp\/v2\/posts"}],"about":[{"href":"https:\/\/guineechrono.com\/index.php\/wp-json\/wp\/v2\/types\/post"}],"author":[{"embeddable":true,"href":"https:\/\/guineechrono.com\/index.php\/wp-json\/wp\/v2\/users\/2"}],"replies":[{"embeddable":true,"href":"https:\/\/guineechrono.com\/index.php\/wp-json\/wp\/v2\/comments?post=27876"}],"version-history":[{"count":0,"href":"https:\/\/guineechrono.com\/index.php\/wp-json\/wp\/v2\/posts\/27876\/revisions"}],"wp:featuredmedia":[{"embeddable":true,"href":"https:\/\/guineechrono.com\/index.php\/wp-json\/wp\/v2\/media\/27880"}],"wp:attachment":[{"href":"https:\/\/guineechrono.com\/index.php\/wp-json\/wp\/v2\/media?parent=27876"}],"wp:term":[{"taxonomy":"category","embeddable":true,"href":"https:\/\/guineechrono.com\/index.php\/wp-json\/wp\/v2\/categories?post=27876"},{"taxonomy":"post_tag","embeddable":true,"href":"https:\/\/guineechrono.com\/index.php\/wp-json\/wp\/v2\/tags?post=27876"}],"curies":[{"name":"wp","href":"https:\/\/api.w.org\/{rel}","templated":true}]}}