{"id":27902,"date":"2022-03-04T07:00:28","date_gmt":"2022-03-04T06:00:28","guid":{"rendered":"https:\/\/guineechrono.com\/?p=27902"},"modified":"2022-03-04T07:00:28","modified_gmt":"2022-03-04T06:00:28","slug":"guinee-voici-lintegralite-du-compte-rendu-du-conseil-des-ministres-de-ce-jeudi","status":"publish","type":"post","link":"https:\/\/guineechrono.com\/index.php\/guinee-voici-lintegralite-du-compte-rendu-du-conseil-des-ministres-de-ce-jeudi\/","title":{"rendered":"Guin\u00e9e: Voici l\u2019int\u00e9gralit\u00e9 du compte rendu du conseil des ministres de ce jeudi"},"content":{"rendered":"<p>La Session Ordinaire du Conseil des Ministres s\u2019est tenue ce jeudi 03 Mars 2022 de 10H \u00e0 12H, sous la haute autorit\u00e9 de son Excellence Monsieur le Pr\u00e9sident du CNRD, Pr\u00e9sident de la Transition, Chef de l\u2019Etat, Chef Supr\u00eame des Arm\u00e9es, le Colonel Mamadi DOUMBOYA.<\/p>\n<p>Les points suivants \u00e9taient inscrits \u00e0 l\u2019ordre du jour :<\/p>\n<ol>\n<li>MESSAGE DE SON EXCELLENCE MONSIEUR LE PRESIDENT DE LA TRANSITION.<\/li>\n<\/ol>\n<p>COMPTE RENDU DE LA SESSION ORDINAIRE DU CONSEIL INTERMINISTERIEL DU MARDI 01 MARS 2022.<\/p>\n<p>III. RECOMMANDATIONS ET DECISIONS<\/p>\n<ol>\n<li>DIVERS<\/li>\n<\/ol>\n<p>Suite au drame qui est intervenu \u00e0 KOUNSITEL dans la Pr\u00e9fecture de Gaoual et qui a afflig\u00e9 toute la Nation, le Pr\u00e9sident de la Transition le Colonel Mamadi DOUMBOUYA a entam\u00e9 sa communication par la pr\u00e9sentation des condol\u00e9ances et celles de la Nation enti\u00e8re aux parents des victimes.<\/p>\n<p>Face \u00e0 un tel drame, le Pr\u00e9sident se tient aux c\u00f4t\u00e9s des familles des victimes pour partager leur douleur et leur peine. Il charge le Premier Ministre d\u2019apporter son soutien et celui du Gouvernement aux victimes.<\/p>\n<p>Son Excellence Monsieur le Pr\u00e9sident de la Transition a fait part de sa grande et r\u00e9elle satisfaction pour le calme et la s\u00e9r\u00e9nit\u00e9 observ\u00e9s lors des premi\u00e8res ex\u00e9cutions des mesures prises par le CNRD et le Patrimoine B\u00e2ti Public relatives \u00e0 la r\u00e9cup\u00e9ration des domaines de l\u2019\u00c9tat.<\/p>\n<p>Il a f\u00e9licit\u00e9 tous les intervenants de cette op\u00e9ration grandeur nature pour leur professionnalisme. Il a r\u00e9it\u00e9r\u00e9 sa d\u00e9termination \u00e0 poursuivre l\u2019op\u00e9ration jusqu\u2019au bout et ce dans le respect de la proc\u00e9dure et l\u2019examen minutieux des dossiers au cas par cas.<\/p>\n<p>Le Pr\u00e9sident de la Transition a pris connaissance de l\u2019\u00e9tat d\u2019avancement des n\u00e9gociations relatives \u00e0 la construction des infrastructures du projet Simandou (Chemin de fer et port). Il a \u00e9t\u00e9 inform\u00e9 qu\u2019\u00e0 date, les parties ne sont pas parvenues \u00e0 un accord. Le Colonel Mamadi Doumbouya a instruit le Premier Ministre de r\u00e9unir tous les ministres sectoriels ainsi que les partenaires pour trouver un accord qui pr\u00e9serve les int\u00e9r\u00eats de la Guin\u00e9e et des autres parties.<\/p>\n<p>Le Pr\u00e9sident de la Transition a relev\u00e9 la n\u00e9cessit\u00e9 d\u2019am\u00e9liorer le panier de la m\u00e9nag\u00e8re guin\u00e9enne. A cet effet, il a interpell\u00e9 le Ministre du Commerce et l\u2019ensemble du pool \u00e9conomique afin qu\u2019ils inversent la tendance. Des propositions concr\u00e8tes sont attendues au prochain conseil interminist\u00e9riel.<\/p>\n<p>Toujours dans le l\u00e9gitime souci d\u2019am\u00e9liorer les conditions de vie des populations, le Chef de l\u2019\u00c9tat a invit\u00e9 le m\u00eame Ministre de l\u2019Industrie \u00e0 faire l\u2019inventaire de l\u2019ensemble des unit\u00e9s industrielles afin de trouver des m\u00e9canismes incitatifs \u00e0 leur relance.<\/p>\n<p>Le Colonel Mamadi Doumbouya est revenu sur l\u2019extension et l\u2019am\u00e9lioration des services du Port autonome de Conakry. Ces projets devront \u00eatre \u00e9rig\u00e9s en priorit\u00e9s pr\u00e9sidentielles par le Ministre des Infrastructures et des Transports.<\/p>\n<p>Le Chef de l\u2019\u00c9tat a rappel\u00e9 que l\u2019ach\u00e8vement des travaux des voiries urbaines doit \u00eatre effectif avant la saison des grandes pluies.<\/p>\n<p>Le Pr\u00e9sident de la Transition a invit\u00e9 le Gouvernement \u00e0 r\u00e9fl\u00e9chir sur les cons\u00e9quences de la guerre en Ukraine sur l\u2019\u00e9conomie nationale.<\/p>\n<p>Il a souhait\u00e9 un Bon car\u00eame aux fid\u00e8les chr\u00e9tiens qui ont d\u00e9but\u00e9 leur obligation religieuse.<\/p>\n<p>Le Colonel Mamadi Doumbouya a conclu son message en souhaitant bonne f\u00eate aux femmes \u00e0 l\u2019occasion de la journ\u00e9e internationale des droits des femmes qui sera c\u00e9l\u00e9br\u00e9e le 08 mars prochain.<\/p>\n<ol>\n<li>AU TITRE DU DEUXI\u00c8ME POINT \u00c0 L\u2019ORDRE DU JOUR<\/li>\n<\/ol>\n<p>Le Premier Ministre a \u00e9voqu\u00e9 les sujets de pr\u00e9occupations li\u00e9es \u00e0 la vie ch\u00e8re notamment les r\u00e9percussions que peuvent avoir sur les prix int\u00e9rieurs les \u00e9v\u00e8nements en Ukraine et la pand\u00e9mie du COVID. Le Premier Ministre a ainsi r\u00e9it\u00e9r\u00e9 la n\u00e9cessit\u00e9 d\u2019anticiper sur ces situations et a recommand\u00e9 qu\u2019une pr\u00e9sentation soit pr\u00e9par\u00e9e par le Pool \u00e9conomique la semaine prochaine.<\/p>\n<p>Le Chef du Gouvernement a inform\u00e9 le Conseil de la reprise de la collaboration avec la Banque mondiale. Ce retour marque en effet, la reprise des activit\u00e9s avec l\u2019ensemble des partenaires techniques et financiers de la Guin\u00e9e. Ainsi le Chef du Gouvernement a exhort\u00e9 les membres du gouvernement \u00e0 r\u00e9viser nos mod\u00e8les d\u2019op\u00e9rations afin d\u2019acc\u00e9l\u00e9rer la mise en \u0153uvre rapide des projets et d\u2019assurer l\u2019absorption des financements importants mis \u00e0 la disposition du pays.<\/p>\n<p>Enfin, le Premier Ministre s\u2019est r\u00e9joui du bon d\u00e9roulement de la mission conjointe CEDEAO -ONU en Guin\u00e9e.<\/p>\n<p>Le Ministre de la Promotion F\u00e9minine, de l\u2019Enfance et des Personnes Vuln\u00e9rables a fait une communication relative \u00e0 la comm\u00e9moration de la journ\u00e9e internationale des femmes, le 08 mars 2022 ainsi que les dispositions relatives \u00e0 la c\u00e9l\u00e9bration de cette journ\u00e9e.<\/p>\n<p>Elle a indiqu\u00e9 que la Communaut\u00e9 Internationale a plac\u00e9 la Journ\u00e9e de ce 08 mars 2022 sous le th\u00e8me \u00ab Atteindre l\u2019\u00e9galit\u00e9 des sexes et l\u2019Autonomisation de toutes les femmes et filles dans le contexte des politiques et programmes relatifs au changement climatique, \u00e0 l\u2019environnement et \u00e0 la r\u00e9duction des risques de catastrophes \u00bb.<\/p>\n<p>Afin de conf\u00e9rer \u00e0 la c\u00e9l\u00e9bration de cette journ\u00e9e toute la solennit\u00e9 requise, elle a soulign\u00e9 l\u2019ambition de placer ces festivit\u00e9s sous le haut patronage de son Excellence Monsieur le Pr\u00e9sident de la Transition.<\/p>\n<p>Le Ministre de l\u2019\u00c9conomie, des Finances et du Plan a fait une communication relative \u00e0 la pr\u00e9sentation du processus de la commande publique.<\/p>\n<p>Il a rappel\u00e9 que la structure en charge du contr\u00f4le des march\u00e9s publics est plac\u00e9e sous l\u2019autorit\u00e9 de son Minist\u00e8re et s\u2019occupe du contr\u00f4le a priori et a posteriori des proc\u00e9dures de passation des march\u00e9s publics et des partenariats public-priv\u00e9. Il a \u00e9voqu\u00e9 les r\u00e8gles relatives aux passations et a expliqu\u00e9 que celles-ci sont r\u00e9gies par les appels d\u2019offres. Cette proc\u00e9dure est compl\u00e9t\u00e9e par le recours au gr\u00e9 \u00e0 gr\u00e9 et la consultation restreinte dans les conditions sp\u00e9cifiques.<\/p>\n<p>Conform\u00e9ment aux recommandations issues du Conseil des Ministres du jeudi 24 f\u00e9vrier 2022 relative \u00e0 la mise en place des mesures d\u2019accompagnements des fonctionnaires retrait\u00e9s, le Ministre de l\u2019Urbanisme, de l\u2019Habitat et de l\u2019Am\u00e9nagement du Territoire a fait une communication relative \u00e0 la proposition de solutions pour l\u2019attribution de terrains aux Fonctionnaires de l\u2019\u00c9tat ayant fait valoir leurs droits \u00e0 la retraite en 2021. Il a soulign\u00e9 l\u2019instruction faite \u00e0 son d\u00e9partement par le Pr\u00e9sident de la Transition relative \u00e0 la situation des parts revenants \u00e0 l\u2019\u00c9tat dans les diff\u00e9rents am\u00e9nagements de terrains en vue de doter les fonctionnaires partants \u00e0 la retraite d\u2019un terrain pour services rendus \u00e0 la nation. Il a \u00e9num\u00e9r\u00e9 les crit\u00e8res de s\u00e9lection des futurs b\u00e9n\u00e9ficiaires et sollicit\u00e9 le concours du Minist\u00e8re de la Fonction Publique pour la mise \u00e0 disposition de la liste des retrait\u00e9s class\u00e9e par cat\u00e9gorie.<\/p>\n<p>Il a inform\u00e9 le Conseil de la disponibilit\u00e9 des terrains \u00e0 Conakry dans les zones en cours d\u2019am\u00e9nagement notamment \u00e0 Sonfonia et Tayaki qui est de 11 565 Parcelles et \u00e0 l\u2019int\u00e9rieur du pays pour environ 2 000 parcelles.<\/p>\n<p>III. RECOMMANDATIONS ET D\u00c9CISIONS<\/p>\n<p>Le Conseil a recommand\u00e9 au Ministre de la Promotion f\u00e9minine :<\/p>\n<ul>\n<li>D\u2019organiser des journ\u00e9es de mobilisation sociale au Palais du Peuple et dans les 7 r\u00e9gions administratives. Dans ce contexte, mettre en \u0153uvre de fa\u00e7on concr\u00e8te des activit\u00e9s g\u00e9n\u00e9ratrices de revenu en faveur des groupements de femmes. Ces activit\u00e9s peuvent concern\u00e9es le reboisement, l\u2019assainissement, l\u2019agriculture ou d\u2019autres activit\u00e9s ;<\/li>\n<\/ul>\n<ul>\n<li>De mettre \u00e0 profit cette journ\u00e9e pour c\u00e9l\u00e9brer certaines figures f\u00e9minines de notre histoire et faire un bilan exhaustif de ce qui a \u00e9t\u00e9 fait en mati\u00e8re d\u2019\u00e9mancipation des femmes.<\/li>\n<\/ul>\n<p>Le Conseil a recommand\u00e9 au Ministre de l\u2019\u00c9conomie, des Finances et du Plan de :<\/p>\n<ul>\n<li>Respecter la loi sur les march\u00e9s publics dans un souci de transparence ;<\/li>\n<\/ul>\n<ul>\n<li>S\u2019appuyer sur les souplesses qu\u2019offrent la loi en mati\u00e8re de passation des march\u00e9s publics comme le recours au gr\u00e9 \u00e0 gr\u00e9 et \u00e0 la consultation restreinte dans les conditions sp\u00e9cifiques ;<\/li>\n<\/ul>\n<ul>\n<li>S\u2019assurer du respect des d\u00e9lais requis pour les avis de non objection afin de fluidifier les proc\u00e9dures de passation des march\u00e9s. Dans ce sens, prendre une note circulaire afin de faire respecter les d\u00e9lais ;<\/li>\n<\/ul>\n<ul>\n<li>\u00c9laborer un plan de passation pr\u00e9visionnel des march\u00e9s par les minist\u00e8res afin de maitriser toutes les chaines de d\u00e9cision relative \u00e0 la validation finale du march\u00e9.<\/li>\n<\/ul>\n<p>Le Conseil a \u00e9galement recommand\u00e9 au Ministre de l\u2019Urbanisme, de l\u2019Habitat et de l\u2019Am\u00e9nagement du Territoire de :<\/p>\n<ul>\n<li>Mettre en place la Commission interminist\u00e9rielle pour l\u2019attribution des terrains. Cette commission est compos\u00e9e des minist\u00e8res en charge de l\u2019Urbanisme, de la Sant\u00e9, de la D\u00e9fense, du Transport, de l\u2019Administration du Territoire de l\u2019\u00c9nergie, et le Secr\u00e9tariat G\u00e9n\u00e9ral de la Pr\u00e9sidence de la R\u00e9publique. Elle sera charg\u00e9e d\u2019initier la r\u00e9flexion sur la question des retrait\u00e9s et produira un rapport avec des recommandations pratiques dans un d\u00e9lai d\u2019une semaine.<\/li>\n<\/ul>\n<p>Le Conseil a recommand\u00e9 au Ministre de la S\u00e9curit\u00e9 et de la Protection civile de :<\/p>\n<ul>\n<li>S\u2019assurer de la reprise de fournitures des passeports par le Minist\u00e8re de la S\u00e9curit\u00e9 et de la Protection Civile courant Mars 2022.<\/li>\n<\/ul>\n<ol>\n<li>AU TITRE DES DIVERS<\/li>\n<\/ol>\n<p>Le Ministre de la S\u00e9curit\u00e9 et de la Protection civile a rendu compte de sa mission en Malaisie relative \u00e0 l\u2019ex\u00e9cution d\u2019une des recommandations du Conseil des ministres concernant la situation contractuelle avec la Soci\u00e9t\u00e9 IRIS titulaire du contrat de production des passeports biom\u00e9triques. Apr\u00e8s les discussions avec les dirigeants de la Soci\u00e9t\u00e9 IRIS, il a \u00e9t\u00e9 constat\u00e9 que la rupture de la d\u00e9livrance des passeports est due \u00e0 un dysfonctionnement entre la Soci\u00e9t\u00e9 IRIS et ses sous-traitants.<\/p>\n<p>Au regard du caract\u00e8re contraignant du contrat qui lie le gouvernement \u00e0 cette soci\u00e9t\u00e9 jusqu\u2019en 2028, il est sugg\u00e9r\u00e9 de reprendre la collaboration dans les conditions nouvelles de mani\u00e8re \u00e0 assurer un approvisionnement fluide des passeports. Il a ainsi \u00e9t\u00e9 convenu que la Soci\u00e9t\u00e9 IRIS fournisse un lot de 40 000 carnets dont 3 000 imm\u00e9diatement.<\/p>\n<p>En ce qui concerne les autres aspects de la collaboration, les responsables de IRIS sont attendus en Guin\u00e9e \u00e0 br\u00e8ve \u00e9ch\u00e9ance.<\/p>\n<p>La Ministre de la P\u00eache et de l\u2019\u00c9conomie maritime a inform\u00e9 le Conseil de la venue prochaine d\u2019une d\u00e9l\u00e9gation de l\u2019Union Europ\u00e9enne pour la reprise de nos exportations vers cette r\u00e9gion. Elle a sugg\u00e9r\u00e9 que l\u2019occasion soit mise \u00e0 profit pour signer un nouvel accord.<\/p>\n<p>Le Ministre de l\u2019Enseignement Pr\u00e9-Universitaire a inform\u00e9 le Conseil de la d\u00e9coration prochaine des laur\u00e9ats du concours Miss Math\u00e9matiques par le Pr\u00e9sident de la Transition.<\/p>\n<p>Le Ministre Secr\u00e9taire G\u00e9n\u00e9ral du Gouvernement a rendu compte de l\u2019organisation les 25 et 26 f\u00e9vrier derniers du S\u00e9minaire gouvernemental des secr\u00e9taires g\u00e9n\u00e9raux et Chefs de cabinet qui s\u2019est bien d\u00e9roul\u00e9.<\/p>\n<p>Conakry, le 3 mars 2022<\/p>\n<p>Ousmane Gaoual DIALLO, Ministre de l\u2019Urbanisme, de l\u2019Habitat et de l\u2019Am\u00e9nagement du Territoire, Porte-Parole du Gouvernement.<\/p>\n<p>Transmis par la Cellule de Communication du Gouvernement.<\/p>\n<p>&nbsp;<\/p>\n","protected":false},"excerpt":{"rendered":"<p>La Session Ordinaire du Conseil des Ministres s\u2019est tenue ce jeudi 03 Mars 2022 de 10H \u00e0 12H, sous la haute autorit\u00e9 de son Excellence Monsieur le Pr\u00e9sident du CNRD, Pr\u00e9sident de la Transition, Chef de l\u2019Etat, Chef Supr\u00eame des Arm\u00e9es, le Colonel Mamadi DOUMBOYA. Les points suivants \u00e9taient inscrits \u00e0 l\u2019ordre du jour : [&hellip;]<\/p>\n","protected":false},"author":2,"featured_media":27903,"comment_status":"open","ping_status":"closed","sticky":false,"template":"","format":"standard","meta":{"buzzeditor_post_format":"","footnotes":""},"categories":[42],"tags":[],"class_list":["post-27902","post","type-post","status-publish","format-standard","has-post-thumbnail","hentry","category-news"],"jetpack_featured_media_url":"https:\/\/guineechrono.com\/wp-content\/uploads\/2022\/03\/GAOUALL.jpg","amp_enabled":true,"_links":{"self":[{"href":"https:\/\/guineechrono.com\/index.php\/wp-json\/wp\/v2\/posts\/27902","targetHints":{"allow":["GET"]}}],"collection":[{"href":"https:\/\/guineechrono.com\/index.php\/wp-json\/wp\/v2\/posts"}],"about":[{"href":"https:\/\/guineechrono.com\/index.php\/wp-json\/wp\/v2\/types\/post"}],"author":[{"embeddable":true,"href":"https:\/\/guineechrono.com\/index.php\/wp-json\/wp\/v2\/users\/2"}],"replies":[{"embeddable":true,"href":"https:\/\/guineechrono.com\/index.php\/wp-json\/wp\/v2\/comments?post=27902"}],"version-history":[{"count":0,"href":"https:\/\/guineechrono.com\/index.php\/wp-json\/wp\/v2\/posts\/27902\/revisions"}],"wp:featuredmedia":[{"embeddable":true,"href":"https:\/\/guineechrono.com\/index.php\/wp-json\/wp\/v2\/media\/27903"}],"wp:attachment":[{"href":"https:\/\/guineechrono.com\/index.php\/wp-json\/wp\/v2\/media?parent=27902"}],"wp:term":[{"taxonomy":"category","embeddable":true,"href":"https:\/\/guineechrono.com\/index.php\/wp-json\/wp\/v2\/categories?post=27902"},{"taxonomy":"post_tag","embeddable":true,"href":"https:\/\/guineechrono.com\/index.php\/wp-json\/wp\/v2\/tags?post=27902"}],"curies":[{"name":"wp","href":"https:\/\/api.w.org\/{rel}","templated":true}]}}