{"id":28055,"date":"2022-03-15T18:05:16","date_gmt":"2022-03-15T17:05:16","guid":{"rendered":"https:\/\/guineechrono.com\/?p=28055"},"modified":"2022-03-15T18:05:16","modified_gmt":"2022-03-15T17:05:16","slug":"guinee-cest-parti-pour-la-journee-internationale-des-droits-des-consommateurs","status":"publish","type":"post","link":"https:\/\/guineechrono.com\/index.php\/guinee-cest-parti-pour-la-journee-internationale-des-droits-des-consommateurs\/","title":{"rendered":"Guin\u00e9e: c\u2019est parti pour la journ\u00e9e internationale des droits des consommateurs"},"content":{"rendered":"<p><strong>Comme pr\u00e9vue, la journ\u00e9e internationale des droits des consommateurs a \u00e9t\u00e9 c\u00e9l\u00e9br\u00e9e ce mardi 15 mars 2022. A Conakry, c\u2019est l\u2019union des consommateurs de guin\u00e9e (UCG) qui a organis\u00e9 l\u2019\u00e9v\u00e8nement \u00e0 la Blue zone de Kaloum.<\/strong><\/p>\n<p>Dans son discours de circonstance, le pr\u00e9sident de l\u2019union des consommateurs de guin\u00e9e a lanc\u00e9 un appel \u00e0 l\u2019endroit des autorit\u00e9s pour la chert\u00e9 de logements en guin\u00e9e.<\/p>\n<p>\u00ab\u00a0J\u2019interpelle encore une fois le ministre des habitats,\u00a0\u00e0 travers lui, le chef du gouvernement et le pr\u00e9sident de la transition qu\u2019ils acceptent de nous aider. Puisque les conditions d\u2019acc\u00e8s aux logements soient plus faciles. Aujourd\u2019hui, quand vous voulez d\u00e9m\u00e9nager, vous avez des probl\u00e8mes. On vous dit 6 mois d\u2019avance et 3 mois de caution. Je pense qu\u2019un mois d\u2019avance et 2 mois de caution \u00e7a ferait que tout le monde va sortir pour applaudir. C\u2019est un plaidoyer, c\u2019est une requ\u00eate que je soumets \u00e0 monsieur le ministre de l\u2019habitat bien entendu. Nous\u00a0 avons\u00a0notre aide qui est le minist\u00e8re du commerce. Nous\u00a0 comptons\u00a0 encore\u00a0passer\u00a0vers lui pour que cette requ\u00eate la soit transmise\u00a0\u00bb, indique Ousmane Keita.<\/p>\n<p>Dans la m\u00eame logique, il a lanc\u00e9 une invite de la part des consommateurs. \u00ab\u00a0J\u2019appelle tous les guin\u00e9ens au courage,\u00a0\u00e0 la r\u00e9silience. Parce que c\u2019est vrai, on est dans un moment difficile. Mais je pense que malgr\u00e9 tout, nous pouvons avancer en s\u2019\u00e9coutant, en discutant de ces probl\u00e8mes-l\u00e0. En ressortant des pr\u00e9occupations des uns et des autres, en tirant des recommandations de fa\u00e7on qu\u2019elles aillent dans le sens des int\u00e9r\u00eats des consommateurs et qu\u2019elles soient appliqu\u00e9es gr\u00e2ce \u00e0 l\u2019appui des autorit\u00e9s\u00a0\u00bb, ajoute-t-il.<\/p>\n<p>Il faut noter que cet \u00e9v\u00e8nement se d\u00e9roule du 15 au 17 mars 2022.<\/p>\n<p><strong>Aboubacar P Camara \u00a0<\/strong><\/p>\n<p>&nbsp;<\/p>\n","protected":false},"excerpt":{"rendered":"<p>Comme pr\u00e9vue, la journ\u00e9e internationale des droits des consommateurs a \u00e9t\u00e9 c\u00e9l\u00e9br\u00e9e ce mardi 15 mars 2022. A Conakry, c\u2019est l\u2019union des consommateurs de guin\u00e9e (UCG) qui a organis\u00e9 l\u2019\u00e9v\u00e8nement \u00e0 la Blue zone de Kaloum. Dans son discours de circonstance, le pr\u00e9sident de l\u2019union des consommateurs de guin\u00e9e a lanc\u00e9 un appel \u00e0 l\u2019endroit [&hellip;]<\/p>\n","protected":false},"author":2,"featured_media":28056,"comment_status":"open","ping_status":"closed","sticky":false,"template":"","format":"standard","meta":{"buzzeditor_post_format":"","footnotes":""},"categories":[52],"tags":[],"class_list":["post-28055","post","type-post","status-publish","format-standard","has-post-thumbnail","hentry","category-sante"],"jetpack_featured_media_url":"https:\/\/guineechrono.com\/wp-content\/uploads\/2022\/03\/droit.jpg","amp_enabled":true,"_links":{"self":[{"href":"https:\/\/guineechrono.com\/index.php\/wp-json\/wp\/v2\/posts\/28055","targetHints":{"allow":["GET"]}}],"collection":[{"href":"https:\/\/guineechrono.com\/index.php\/wp-json\/wp\/v2\/posts"}],"about":[{"href":"https:\/\/guineechrono.com\/index.php\/wp-json\/wp\/v2\/types\/post"}],"author":[{"embeddable":true,"href":"https:\/\/guineechrono.com\/index.php\/wp-json\/wp\/v2\/users\/2"}],"replies":[{"embeddable":true,"href":"https:\/\/guineechrono.com\/index.php\/wp-json\/wp\/v2\/comments?post=28055"}],"version-history":[{"count":0,"href":"https:\/\/guineechrono.com\/index.php\/wp-json\/wp\/v2\/posts\/28055\/revisions"}],"wp:featuredmedia":[{"embeddable":true,"href":"https:\/\/guineechrono.com\/index.php\/wp-json\/wp\/v2\/media\/28056"}],"wp:attachment":[{"href":"https:\/\/guineechrono.com\/index.php\/wp-json\/wp\/v2\/media?parent=28055"}],"wp:term":[{"taxonomy":"category","embeddable":true,"href":"https:\/\/guineechrono.com\/index.php\/wp-json\/wp\/v2\/categories?post=28055"},{"taxonomy":"post_tag","embeddable":true,"href":"https:\/\/guineechrono.com\/index.php\/wp-json\/wp\/v2\/tags?post=28055"}],"curies":[{"name":"wp","href":"https:\/\/api.w.org\/{rel}","templated":true}]}}