{"id":28251,"date":"2022-03-28T08:21:09","date_gmt":"2022-03-28T07:21:09","guid":{"rendered":"https:\/\/guineechrono.com\/?p=28251"},"modified":"2022-03-28T08:25:50","modified_gmt":"2022-03-28T07:25:50","slug":"conakry-la-presse-privee-categorie-fille-remporte-la-1ere-edition-du-match-degala-madeleine-macka","status":"publish","type":"post","link":"https:\/\/guineechrono.com\/index.php\/conakry-la-presse-privee-categorie-fille-remporte-la-1ere-edition-du-match-degala-madeleine-macka\/","title":{"rendered":"Conakry : la presse priv\u00e9e cat\u00e9gorie fille remporte la 1\u00e8re \u00e9dition du match  de gala \u2018\u2019Madeleine Macka\u2019\u2019"},"content":{"rendered":"<p><strong>Pour finir le mois de mars en beaut\u00e9 et renforcer les liens de collaboration entre les journalistes (s\u00e9rie fille) de la presse priv\u00e9e et de la presse publique, un match de gala d\u00e9nomm\u00e9 \u2018\u2019madeleine Maka\u2019\u2019 a \u00e9t\u00e9 organis\u00e9 ce dimanche 27 mars 2022 au stade petit Sory de Nongo.<\/strong><\/p>\n<p>Madeleine Macka est la toute premi\u00e8re femme a pr\u00e9sent\u00e9 le journal sur le plateau de la t\u00e9l\u00e9vision guin\u00e9enne. \u00a0Ce match de gala a oppos\u00e9 l\u2019\u00e9quipe de la presse priv\u00e9e appel\u00e9e cyclone et celle de la RTG appel\u00e9e l\u2019ouragan.<\/p>\n<p>C\u2019est une initiative de Aissata Sidib\u00e9, journaliste et coordinatrice de l\u2019amicale des travailleurs de la Radio t\u00e9l\u00e9vision Guin\u00e9enne (RTG).<\/p>\n<p>Selon elle, l\u2019objectif vis\u00e9 \u00e9tait de renforcer les liens de collaboration entre les journalistes en guin\u00e9ens.<\/p>\n<p>\u00abC\u2019est pour cl\u00f4turer les activit\u00e9s de la f\u00eate internationale des femmes en beaut\u00e9. \u00a0Nous avons voulu c\u00e9l\u00e9brer les femmes qui se d\u00e9marquent dans nos diff\u00e9rents organes de presse. \u00a0Aujourd\u2019hui, les femmes sont repr\u00e9sent\u00e9es dans toutes les sph\u00e8res d\u00e9cisions dans nos diff\u00e9rents organes de presse, elles sont PDG, elles sont directrices g\u00e9n\u00e9rales, elles sont r\u00e9dactrices en cheffe et elles se d\u00e9marquent partout.\u00a0 Donc, ce match de gale \u00e9tait de les c\u00e9l\u00e9brer pour magnifier leur bravoure et leur dire qu\u2019on est l\u00e0. \u00a0L\u2019autre objectif c\u2019est de renforcer les liens de collaboration entre la presse publique et priv\u00e9e\u00a0\u00bb.<\/p>\n<p>Suite au bon d\u00e9roulement de cette premi\u00e8re \u00e9dition, la dame Aissata Sidib\u00e9 a remerci\u00e9 ses collaborateurs et collaboratrices avant de lancer un appel aux partenaires et aux nouvelles autorit\u00e9s de les accompagner. \u00a0\u00a0\u00ab\u00a0Je suis tr\u00e8s heureuse aujourd\u2019hui parce que mon objectif est atteint. On a eu des difficult\u00e9s pour l\u2019organisation de cet \u00e9v\u00e8nement. Donc je lance un appel aux partenaires et au gouvernement \u00a0de nous accompagner\u00a0\u00bb.<\/p>\n<p>A noter que l\u2019\u00e9quipe de la presse priv\u00e9e qui a remport\u00e9 le troph\u00e9e de cette premi\u00e8re \u00e9dition de ce match de gala avec un score de trois buts \u00e0 z\u00e9ro, et le rendez-vous est pris pour l\u2019ann\u00e9e prochaine.<\/p>\n<p><strong>Aboubacar \u00a0Camara <\/strong><\/p>\n<p>&nbsp;<\/p>\n<p>&nbsp;<\/p>\n","protected":false},"excerpt":{"rendered":"<p>Pour finir le mois de mars en beaut\u00e9 et renforcer les liens de collaboration entre les journalistes (s\u00e9rie fille) de la presse priv\u00e9e et de la presse publique, un match de gala d\u00e9nomm\u00e9 \u2018\u2019madeleine Maka\u2019\u2019 a \u00e9t\u00e9 organis\u00e9 ce dimanche 27 mars 2022 au stade petit Sory de Nongo. Madeleine Macka est la toute premi\u00e8re [&hellip;]<\/p>\n","protected":false},"author":2,"featured_media":28252,"comment_status":"open","ping_status":"closed","sticky":false,"template":"","format":"standard","meta":{"buzzeditor_post_format":"","footnotes":""},"categories":[45],"tags":[],"class_list":["post-28251","post","type-post","status-publish","format-standard","has-post-thumbnail","hentry","category-sport"],"jetpack_featured_media_url":"https:\/\/guineechrono.com\/wp-content\/uploads\/2022\/03\/petit-sori.jpg","amp_enabled":true,"_links":{"self":[{"href":"https:\/\/guineechrono.com\/index.php\/wp-json\/wp\/v2\/posts\/28251","targetHints":{"allow":["GET"]}}],"collection":[{"href":"https:\/\/guineechrono.com\/index.php\/wp-json\/wp\/v2\/posts"}],"about":[{"href":"https:\/\/guineechrono.com\/index.php\/wp-json\/wp\/v2\/types\/post"}],"author":[{"embeddable":true,"href":"https:\/\/guineechrono.com\/index.php\/wp-json\/wp\/v2\/users\/2"}],"replies":[{"embeddable":true,"href":"https:\/\/guineechrono.com\/index.php\/wp-json\/wp\/v2\/comments?post=28251"}],"version-history":[{"count":0,"href":"https:\/\/guineechrono.com\/index.php\/wp-json\/wp\/v2\/posts\/28251\/revisions"}],"wp:featuredmedia":[{"embeddable":true,"href":"https:\/\/guineechrono.com\/index.php\/wp-json\/wp\/v2\/media\/28252"}],"wp:attachment":[{"href":"https:\/\/guineechrono.com\/index.php\/wp-json\/wp\/v2\/media?parent=28251"}],"wp:term":[{"taxonomy":"category","embeddable":true,"href":"https:\/\/guineechrono.com\/index.php\/wp-json\/wp\/v2\/categories?post=28251"},{"taxonomy":"post_tag","embeddable":true,"href":"https:\/\/guineechrono.com\/index.php\/wp-json\/wp\/v2\/tags?post=28251"}],"curies":[{"name":"wp","href":"https:\/\/api.w.org\/{rel}","templated":true}]}}