{"id":28419,"date":"2022-04-06T12:55:35","date_gmt":"2022-04-06T11:55:35","guid":{"rendered":"https:\/\/guineechrono.com\/?p=28419"},"modified":"2022-04-06T12:55:35","modified_gmt":"2022-04-06T11:55:35","slug":"decret-colonel-doumbouya-nomme-des-hauts-cadres-au-ministere-des-affaires-etrangeres","status":"publish","type":"post","link":"https:\/\/guineechrono.com\/index.php\/decret-colonel-doumbouya-nomme-des-hauts-cadres-au-ministere-des-affaires-etrangeres\/","title":{"rendered":"D\u00e9cret : Colonel Doumbouya nomme des hauts cadres au minist\u00e8re des affaires \u00e9trang\u00e8res"},"content":{"rendered":"<p><strong>Dans un d\u00e9cret lu mardi soir \u00e0 la t\u00e9l\u00e9vision nationale, le pr\u00e9sident de la transition a nomm\u00e9 des hauts cadres au\u00a0minist\u00e8re des affaires \u00e9trang\u00e8res, de la coop\u00e9ration internationale, de l&rsquo;int\u00e9gration africaine et des Guin\u00e9ens de l&rsquo;\u00e9tranger. <\/strong><\/p>\n<p><strong>Lisez\u2026<\/strong><\/p>\n<p><strong>I Cabinet<\/strong><\/p>\n<p>1- Conseiller principal :\u00a0<strong>monsieur Ousmane Diao Bald\u00e9<\/strong>, juriste, ancien ambassadeur en service au minist\u00e8re des affaires \u00e9trang\u00e8res, de la coop\u00e9ration internationale, de l&rsquo;int\u00e9gration africaine et des Guin\u00e9ens de l&rsquo;\u00e9tranger<\/p>\n<p>2- Conseiller charg\u00e9 des questions de coop\u00e9ration internationale, de l&rsquo;int\u00e9gration africaine et des Guin\u00e9ens de l&rsquo;\u00e9tranger :\u00a0<strong>monsieur Mohamed Ch\u00e9rif Diallo<\/strong>, pr\u00e9c\u00e9demment ambassadeur de Guin\u00e9e pr\u00e8s la R\u00e9publique italienne et autres organisations internationales<\/p>\n<p>3- Conseiller juridique :\u00a0<strong>monsieur Jean Pierre Cond\u00e9<\/strong>, consultant juridique<\/p>\n<p>4- Conseiller charg\u00e9 de la communication :\u00a0<strong>monsieur Alia Camara<\/strong>, journaliste \u00e0 la RTG<\/p>\n<p>5- Conseill\u00e8re charg\u00e9e de mission :\u00a0<strong>madame Aminata Camara,<\/strong>\u00a0confirm\u00e9e<\/p>\n<p>6- Attach\u00e9e de cabinet :\u00a0<strong>madame Arabia Aissatou Cond\u00e9,<\/strong>\u00a0confirm\u00e9e<\/p>\n<p><strong>II Direction g\u00e9n\u00e9rale<\/strong><\/p>\n<p>7- Direction g\u00e9n\u00e9rale des relations multilat\u00e9rales :\u00a0<strong>madame Oumou Diallo<\/strong>, ancienne directrice g\u00e9n\u00e9rale adjointe des organisations internationales au minist\u00e8re de la coop\u00e9ration internationale et de l&rsquo;int\u00e9gration africaine<\/p>\n<p>8- Directeur g\u00e9n\u00e9ral adjoint des relations multilat\u00e9rales :\u00a0<strong>monsieur Pierre Monomou<\/strong>, pr\u00e9c\u00e9demment chef de service organisation sous r\u00e9gionale au minist\u00e8re des affaires \u00e9trang\u00e8res et des Guin\u00e9ens de l&rsquo;\u00e9tranger<\/p>\n<p>9- Directeur g\u00e9n\u00e9ral des relations bilat\u00e9rales :\u00a0<strong>monsieur Bo\u00efna Fangamou<\/strong>, pr\u00e9c\u00e9demment directeur g\u00e9n\u00e9ral Afrique-Asie et Moyen Orient au minist\u00e8re des affaires \u00e9trang\u00e8res et des Guin\u00e9ens de l&rsquo;\u00e9tranger<\/p>\n<p>10- Directrice g\u00e9n\u00e9rale adjointe des relations bilat\u00e9rales :\u00a0<strong>madame Djamilatou Diallo<\/strong>, pr\u00e9c\u00e9demment chef de la division Afrique du nord- Australe et de l&rsquo;Est \u00e0 la direction g\u00e9n\u00e9rale de la coop\u00e9ration du minist\u00e8re de la coop\u00e9ration internationale et de l&rsquo;int\u00e9gration africaine<\/p>\n<p>11- Directeur g\u00e9n\u00e9ral de l&rsquo;int\u00e9gration africaine :\u00a0<strong>Elhaj Ibrahima Diallo<\/strong>, pr\u00e9c\u00e9demment directeur g\u00e9n\u00e9ral du bureau de strat\u00e9gie et de d\u00e9veloppement au minist\u00e8re des affaires \u00e9trang\u00e8res et des Guin\u00e9ens de l&rsquo;\u00e9tranger<\/p>\n<p>12- Directrice g\u00e9n\u00e9rale adjointe de l&rsquo;int\u00e9gration africaine :\u00a0<strong>madame Seny Fran\u00e7oise Haba<\/strong>, pr\u00e9c\u00e9demment chef de section pays des balkans \u00e0 la direction g\u00e9n\u00e9rale Afrique-Europe-Oc\u00e9anie au minist\u00e8re de la coop\u00e9ration internationale et de l&rsquo;int\u00e9gration africaine<\/p>\n<p>13- Directeur g\u00e9n\u00e9ral des affaires juridiques et consulaires :\u00a0<strong>monsieur Mohamed Camara<\/strong>, juriste en service au minist\u00e8re des affaires \u00e9trang\u00e8res, de la coop\u00e9ration internationale, de l&rsquo;int\u00e9gration africaine et des Guin\u00e9ens de l&rsquo;\u00e9tranger<\/p>\n<p>14- Directeur g\u00e9n\u00e9ral adjoint des affaires juridiques et consulaires :\u00a0<strong>monsieur Alpha Ibrahima Diallo<\/strong>, pr\u00e9c\u00e9demment directeur g\u00e9n\u00e9ral adjoint Europe-Am\u00e9rique- Oc\u00e9anie au minist\u00e8re des affaires \u00e9trang\u00e8res et des Guin\u00e9ens de l&rsquo;\u00e9tranger<\/p>\n<p>15- Directeur g\u00e9n\u00e9ral des Guin\u00e9ens de l&rsquo;\u00e9tranger :\u00a0<strong>monsieur Mamadou Saitiou Barry<\/strong>, pr\u00e9c\u00e9demment directeur g\u00e9n\u00e9ral adjoint \u00e0 la direction g\u00e9n\u00e9rale des Guin\u00e9ens de l&rsquo;\u00e9tranger<\/p>\n<p>16- Directeur g\u00e9n\u00e9ral adjoint des Guin\u00e9ens de l&rsquo;\u00e9tranger :\u00a0<strong>monsieur S\u00e9kou Grovogui<\/strong>, pr\u00e9c\u00e9demment sous-directeur promotion de l&rsquo;habitat et logement \u00e0 la direction g\u00e9n\u00e9rale des Guin\u00e9ens de l&rsquo;\u00e9tranger<\/p>\n<p>17- Directeur g\u00e9n\u00e9ral du protocole :\u00a0<strong>monsieur Framoi Mara<\/strong><\/p>\n<p>18- Directeur g\u00e9n\u00e9ral adjoint du protocole :\u00a0<strong>monsieur Mohamed Dram\u00e9<\/strong><\/p>\n<p>19- Directeur g\u00e9n\u00e9ral de la coordination du suivi des aides :\u00a0<strong>monsieur Alpha Path\u00e9 Barry<\/strong>, pr\u00e9c\u00e9demment chef de division suivi, ex\u00e9cution et \u00e9valuation des projets \u00e0 l&rsquo;inspection g\u00e9n\u00e9rale du minist\u00e8re de la coop\u00e9ration internationale et de l&rsquo;int\u00e9gration africaine<\/p>\n<p>20- Directeur g\u00e9n\u00e9ral adjoint de la coordination et du suivi des aides :\u00a0<strong>monsieur Mohamed Camara<\/strong>, pr\u00e9c\u00e9demment sous-directeur charg\u00e9 de l&rsquo;Afrique \u00e0 la direction g\u00e9n\u00e9rale Afrique-Asie et Moyen Orient<\/p>\n<p><strong>III Services rattach\u00e9s<\/strong><\/p>\n<p>21- Directrice g\u00e9n\u00e9rale du bureau d&rsquo;appui \u00e0 la coop\u00e9ration avec l&rsquo;Union Europ\u00e9enne :\u00a0<strong>madame Manaba Kand\u00e9<\/strong>, pr\u00e9c\u00e9demment conseill\u00e8re charg\u00e9e de mission au minist\u00e8re de la coop\u00e9ration internationale et de l&rsquo;int\u00e9gration africaine<\/p>\n<p>22- Directeur g\u00e9n\u00e9ral adjoint du bureau d&rsquo;appui \u00e0 la coop\u00e9ration avec l&rsquo;Union Europ\u00e9enne :\u00a0<strong>monsieur Mamadou Dram\u00e9<\/strong>, pr\u00e9c\u00e9demment directeur g\u00e9n\u00e9ral adjoint des organisations internationales au minist\u00e8re de la coop\u00e9ration internationale et de l&rsquo;int\u00e9gration africaine.<\/p>\n<p><strong>R\u00e9daction <\/strong><\/p>\n","protected":false},"excerpt":{"rendered":"<p>Dans un d\u00e9cret lu mardi soir \u00e0 la t\u00e9l\u00e9vision nationale, le pr\u00e9sident de la transition a nomm\u00e9 des hauts cadres au\u00a0minist\u00e8re des affaires \u00e9trang\u00e8res, de la coop\u00e9ration internationale, de l&rsquo;int\u00e9gration africaine et des Guin\u00e9ens de l&rsquo;\u00e9tranger. Lisez\u2026 I Cabinet 1- Conseiller principal :\u00a0monsieur Ousmane Diao Bald\u00e9, juriste, ancien ambassadeur en service au minist\u00e8re des affaires [&hellip;]<\/p>\n","protected":false},"author":2,"featured_media":28420,"comment_status":"open","ping_status":"closed","sticky":false,"template":"","format":"standard","meta":{"buzzeditor_post_format":"","footnotes":""},"categories":[42],"tags":[],"class_list":["post-28419","post","type-post","status-publish","format-standard","has-post-thumbnail","hentry","category-news"],"jetpack_featured_media_url":"https:\/\/guineechrono.com\/wp-content\/uploads\/2022\/04\/doumbouya.jpg","amp_enabled":true,"_links":{"self":[{"href":"https:\/\/guineechrono.com\/index.php\/wp-json\/wp\/v2\/posts\/28419","targetHints":{"allow":["GET"]}}],"collection":[{"href":"https:\/\/guineechrono.com\/index.php\/wp-json\/wp\/v2\/posts"}],"about":[{"href":"https:\/\/guineechrono.com\/index.php\/wp-json\/wp\/v2\/types\/post"}],"author":[{"embeddable":true,"href":"https:\/\/guineechrono.com\/index.php\/wp-json\/wp\/v2\/users\/2"}],"replies":[{"embeddable":true,"href":"https:\/\/guineechrono.com\/index.php\/wp-json\/wp\/v2\/comments?post=28419"}],"version-history":[{"count":0,"href":"https:\/\/guineechrono.com\/index.php\/wp-json\/wp\/v2\/posts\/28419\/revisions"}],"wp:featuredmedia":[{"embeddable":true,"href":"https:\/\/guineechrono.com\/index.php\/wp-json\/wp\/v2\/media\/28420"}],"wp:attachment":[{"href":"https:\/\/guineechrono.com\/index.php\/wp-json\/wp\/v2\/media?parent=28419"}],"wp:term":[{"taxonomy":"category","embeddable":true,"href":"https:\/\/guineechrono.com\/index.php\/wp-json\/wp\/v2\/categories?post=28419"},{"taxonomy":"post_tag","embeddable":true,"href":"https:\/\/guineechrono.com\/index.php\/wp-json\/wp\/v2\/tags?post=28419"}],"curies":[{"name":"wp","href":"https:\/\/api.w.org\/{rel}","templated":true}]}}