{"id":28442,"date":"2022-04-07T11:34:31","date_gmt":"2022-04-07T10:34:31","guid":{"rendered":"https:\/\/guineechrono.com\/?p=28442"},"modified":"2022-04-07T11:34:31","modified_gmt":"2022-04-07T10:34:31","slug":"transition-en-guinee-colonel-doumbouya-cree-un-cadre-de-concertation-inclusif-decret","status":"publish","type":"post","link":"https:\/\/guineechrono.com\/index.php\/transition-en-guinee-colonel-doumbouya-cree-un-cadre-de-concertation-inclusif-decret\/","title":{"rendered":"Transition en Guin\u00e9e : Colonel Doumbouya cr\u00e9e un cadre de concertation inclusif (d\u00e9cret)"},"content":{"rendered":"<p><strong>A travers un d\u00e9cret lu \u00e0 la t\u00e9l\u00e9vision nationale, dans la soir\u00e9e du mercredi 06 avril 2022, le pr\u00e9sident de la transition de la transition a mis en place un cadre de concertation nationale.<\/strong><\/p>\n<p>Dispositions g\u00e9n\u00e9rales :<\/p>\n<p>Article 1 : il est cr\u00e9\u00e9 un cadre de concertation inclusif en R\u00e9publique de Guin\u00e9e.<\/p>\n<p>Article 2 : ce cadre de concertation est plac\u00e9 sous l\u2019autorit\u00e9 du ministre de l\u2019administration du territoire et de la d\u00e9centralisation, il constitue l\u2019espace d\u2019informations, d\u2019\u00e9changes, et de propositions entre les acteurs des forces vives de la nation de la transition, le ministre de l\u2019administration du territoire et de la d\u00e9centralisation rend compte p\u00e9riodiquement de l\u2019\u00e9volution de la concertation avec l\u2019ensemble des acteurs au premier ministre chef du gouvernement.<\/p>\n<p>Attribution et organisation :<\/p>\n<p>Article 3 : le cadre de concertation inclusif est anim\u00e9 par un secr\u00e9tariat technique, ce secr\u00e9tariat technique est charg\u00e9 de la pr\u00e9paration et de l\u2019organisation du dialogue entre les forces vives de la Nation, \u00e0 ce titre, il a pour mission de :<\/p>\n<p>\u2013 Servir d\u2019interface entre les diff\u00e9rents acteurs, pr\u00e9parer l\u2019ensemble des documents \u00e0 soumettre \u00e0 l\u2019appr\u00e9ciation du cadre de consultation inclusif. Ensuite, d\u00e9finir le format et l\u2019agenda des concertations, ainsi que la liste des participants, suivant la mise en \u0153uvre du plan d\u2019action du cadre de concertation inclusif, organiser les rencontres dans des conditions mat\u00e9rielles et s\u00e9curitaires appropri\u00e9es, pr\u00e9parer et envoyer des courriers et conclusions des r\u00e9unions.<\/p>\n<p>Article 4 : le secr\u00e9tariat technique du cadre de concertation inclusif est anim\u00e9 par un secr\u00e9taire technique et deux rapporteurs nomm\u00e9s par d\u00e9cret du pr\u00e9sident de la transition.<\/p>\n<p>Chapitre 3 : Composition<\/p>\n<p>Article 5 : le cadre de concertation inclusif est compos\u00e9 de l\u2019ensemble des forces vives de la nation et est reparti comme suit :<\/p>\n<p>Secr\u00e9tariat technique : trois repr\u00e9sentants.<br \/>\n2- Coalition de partis politiques vingt, soit un repr\u00e9sentant par coalition.<\/p>\n<p>3- Gouvernement trois repr\u00e9sentants.<\/p>\n<p>4- Structure fa\u00eeti\u00e8re de la soci\u00e9t\u00e9 civile 5 repr\u00e9sentants.<\/p>\n<p>5- centrale syndicale, trois repr\u00e9sentants.<\/p>\n<p>6- Associations de presse deux repr\u00e9sentants.<\/p>\n<p>7- Les partenaires techniques et financiers, qualit\u00e9s d\u2019observateur.<\/p>\n<p>Article 7 : Les membres du cadre de concertation inclusif sont nomm\u00e9s par arr\u00eat\u00e9 du ministre de l\u2019administration du territoire et de la d\u00e9centralisation, sur proposition des structures respectives.<\/p>\n<p>Article8 : le cadre de concertation inclusif se r\u00e9unit une fois par mois en session ordinaire et en session extraordinaire sur convocation du ministre de l\u2019administration du territoire et de la d\u00e9centralisation, l\u2019ordre du jour est envoy\u00e9 aux participants, 72 heures avant.<\/p>\n<p>Chapitre 4 : dispositions finales Article 9 :<\/p>\n<p>Le secr\u00e9taire technique du cadre de concertation inclusif rencontre r\u00e9guli\u00e8rement par voix de courrier les acteurs et partenaires techniques et financiers.<\/p>\n<p>Article 10 : un arr\u00eat\u00e9 du ministre de l\u2019administration du territoire et de la d\u00e9centralisation compl\u00e8te les dispositions du pr\u00e9sent d\u00e9cret.<\/p>\n<p>Article 11 : les d\u00e9penses de fonctionnement du cadre de concertation inclusif sont imputables aux d\u00e9penses communes de l\u2019\u00c9tat.<\/p>\n<p><strong>R\u00e9daction <\/strong><\/p>\n","protected":false},"excerpt":{"rendered":"<p>A travers un d\u00e9cret lu \u00e0 la t\u00e9l\u00e9vision nationale, dans la soir\u00e9e du mercredi 06 avril 2022, le pr\u00e9sident de la transition de la transition a mis en place un cadre de concertation nationale. Dispositions g\u00e9n\u00e9rales : Article 1 : il est cr\u00e9\u00e9 un cadre de concertation inclusif en R\u00e9publique de Guin\u00e9e. Article 2 : [&hellip;]<\/p>\n","protected":false},"author":2,"featured_media":28443,"comment_status":"open","ping_status":"closed","sticky":false,"template":"","format":"standard","meta":{"buzzeditor_post_format":"","footnotes":""},"categories":[42],"tags":[],"class_list":["post-28442","post","type-post","status-publish","format-standard","has-post-thumbnail","hentry","category-news"],"jetpack_featured_media_url":"https:\/\/guineechrono.com\/wp-content\/uploads\/2022\/04\/mamadi.webp","amp_enabled":true,"_links":{"self":[{"href":"https:\/\/guineechrono.com\/index.php\/wp-json\/wp\/v2\/posts\/28442","targetHints":{"allow":["GET"]}}],"collection":[{"href":"https:\/\/guineechrono.com\/index.php\/wp-json\/wp\/v2\/posts"}],"about":[{"href":"https:\/\/guineechrono.com\/index.php\/wp-json\/wp\/v2\/types\/post"}],"author":[{"embeddable":true,"href":"https:\/\/guineechrono.com\/index.php\/wp-json\/wp\/v2\/users\/2"}],"replies":[{"embeddable":true,"href":"https:\/\/guineechrono.com\/index.php\/wp-json\/wp\/v2\/comments?post=28442"}],"version-history":[{"count":0,"href":"https:\/\/guineechrono.com\/index.php\/wp-json\/wp\/v2\/posts\/28442\/revisions"}],"wp:featuredmedia":[{"embeddable":true,"href":"https:\/\/guineechrono.com\/index.php\/wp-json\/wp\/v2\/media\/28443"}],"wp:attachment":[{"href":"https:\/\/guineechrono.com\/index.php\/wp-json\/wp\/v2\/media?parent=28442"}],"wp:term":[{"taxonomy":"category","embeddable":true,"href":"https:\/\/guineechrono.com\/index.php\/wp-json\/wp\/v2\/categories?post=28442"},{"taxonomy":"post_tag","embeddable":true,"href":"https:\/\/guineechrono.com\/index.php\/wp-json\/wp\/v2\/tags?post=28442"}],"curies":[{"name":"wp","href":"https:\/\/api.w.org\/{rel}","templated":true}]}}