{"id":2863,"date":"2019-01-13T16:08:23","date_gmt":"2019-01-13T15:08:23","guid":{"rendered":"http:\/\/guineechrono.com\/?p=2863"},"modified":"2019-01-13T16:08:23","modified_gmt":"2019-01-13T15:08:23","slug":"soiree-des-actes-poses-la-presidente-de-la-fondation-alpha-conde-pour-lhumanitaire-recoit-son-prix","status":"publish","type":"post","link":"https:\/\/guineechrono.com\/index.php\/soiree-des-actes-poses-la-presidente-de-la-fondation-alpha-conde-pour-lhumanitaire-recoit-son-prix\/","title":{"rendered":"Soir\u00e9e des actes pos\u00e9s : la pr\u00e9sidente de la fondation \u00ab\u00a0Alpha Cond\u00e9 pour l&rsquo;humanitaire\u2019\u2019 re\u00e7oit son prix"},"content":{"rendered":"<p>Apr\u00e8s les autres nomin\u00e9s, la pr\u00e9sidente de la fondation \u00ab\u00a0Alpha Cond\u00e9 pour l&rsquo;humanitaire\u00bb, Madame Fanta Perkins Cond\u00e9,\u00a0 a re\u00e7u un prix d\u2019encouragement de la part du journal des actes pos\u00e9s. La c\u00e9r\u00e9monie de remise de ce prix a eu lieu ce samedi, 12 Janvier 2019 \u00e0 Kaloum. Ce prix de distinction vise \u00e0 encourager des personnes qui posent des actes positifs dans le\u00a0 cadre du d\u00e9veloppement socio- \u00e9conomique de la guin\u00e9e.<br \/>\nD\u2019entr\u00e9e, le directeur de publication du journal des actes pos\u00e9s, Alseny Fadiga, a rappel\u00e9 des crit\u00e8res qui ont conduit son entreprise \u00e0 choisir\u00a0 Mme Fanta Perkins parmi tant d\u2019autres.<br \/>\nSelon lui, l\u2019objectif de cette rencontre est\u00a0 de remettre ce prix \u00e0 cette dame qui se bat quotidiennement pour le d\u00e9veloppement socio-\u00e9conomique de la guin\u00e9e. \u00ab Retenez que cette dame\u00a0 se bat pour le bonheur de tous les Guin\u00e9ens sans exception. C\u2019est pour quoi le journal des actes pos\u00e9s,\u00a0 a r\u00e9compens\u00e9 cette dame pour qu\u2019elle redouble d&rsquo;effort dans le combat qu\u2019elle m\u00e8ne pour le bien \u00eatre de tous les guin\u00e9ens a travers sa fondation \u00bb.<br \/>\nSatisfait par cet acte de reconnaissance, Madame Fanta Perkin a tout d&rsquo;abord remerci\u00e9 le journal des actes pos\u00e9s par ce geste et promet de redoubler d\u2019effort a aider les guin\u00e9ens a travers sa fondation.<br \/>\nElle a ensuite invit\u00e9 ses fr\u00e8res et s\u0153urs guin\u00e9ens \u00e0 cultiver la paix et la\u00a0 coh\u00e9sion sociale. Selon elle\u00a0 sans la paix rien n\u2019est possible.<br \/>\nPar guise de reconnaissance, Madame Fanta Perkin a d\u00e9di\u00e9 ce prix \u00e0 son p\u00e8re, son idole, son \u00e9ducateur, le professeur Alpha Cond\u00e9 le b\u00e2tisseur et le pr\u00e9sident Barack Obama, le d\u00e9mocrate. \u00ab Je l\u2019encourage dans ses actes et qu\u2019il sache qu\u2019il est le p\u00e8re de la nation guin\u00e9enne sans distinction. Qu\u2019il continue \u00e0 travailler dans la paix \u00bb dit-elle.<br \/>\nA rappeler que cette r\u00e9compense est la suite de la soir\u00e9e des actes pos\u00e9s, organis\u00e9e par les responsables dudit journal, le 08 D\u00e9cembre dernier \u00e0 Conakry, o\u00f9 plusieurs personnalit\u00e9s du pays ont re\u00e7u des prix.<\/p>\n<p><strong>Aboubacar Pastoria Camara<\/strong><\/p>\n","protected":false},"excerpt":{"rendered":"<p>Apr\u00e8s les autres nomin\u00e9s, la pr\u00e9sidente de la fondation \u00ab\u00a0Alpha Cond\u00e9 pour l&rsquo;humanitaire\u00bb, Madame Fanta Perkins Cond\u00e9,\u00a0 a re\u00e7u un prix d\u2019encouragement de la part du journal des actes pos\u00e9s. La c\u00e9r\u00e9monie de remise de ce prix a eu lieu ce samedi, 12 Janvier 2019 \u00e0 Kaloum. Ce prix de distinction vise \u00e0 encourager des [&hellip;]<\/p>\n","protected":false},"author":2,"featured_media":2864,"comment_status":"open","ping_status":"closed","sticky":false,"template":"","format":"standard","meta":{"buzzeditor_post_format":"","footnotes":""},"categories":[1],"tags":[],"class_list":["post-2863","post","type-post","status-publish","format-standard","has-post-thumbnail","hentry","category-non-classe"],"jetpack_featured_media_url":"https:\/\/guineechrono.com\/wp-content\/uploads\/2019\/01\/acte-pos\u00e9.jpg","amp_enabled":true,"_links":{"self":[{"href":"https:\/\/guineechrono.com\/index.php\/wp-json\/wp\/v2\/posts\/2863","targetHints":{"allow":["GET"]}}],"collection":[{"href":"https:\/\/guineechrono.com\/index.php\/wp-json\/wp\/v2\/posts"}],"about":[{"href":"https:\/\/guineechrono.com\/index.php\/wp-json\/wp\/v2\/types\/post"}],"author":[{"embeddable":true,"href":"https:\/\/guineechrono.com\/index.php\/wp-json\/wp\/v2\/users\/2"}],"replies":[{"embeddable":true,"href":"https:\/\/guineechrono.com\/index.php\/wp-json\/wp\/v2\/comments?post=2863"}],"version-history":[{"count":0,"href":"https:\/\/guineechrono.com\/index.php\/wp-json\/wp\/v2\/posts\/2863\/revisions"}],"wp:featuredmedia":[{"embeddable":true,"href":"https:\/\/guineechrono.com\/index.php\/wp-json\/wp\/v2\/media\/2864"}],"wp:attachment":[{"href":"https:\/\/guineechrono.com\/index.php\/wp-json\/wp\/v2\/media?parent=2863"}],"wp:term":[{"taxonomy":"category","embeddable":true,"href":"https:\/\/guineechrono.com\/index.php\/wp-json\/wp\/v2\/categories?post=2863"},{"taxonomy":"post_tag","embeddable":true,"href":"https:\/\/guineechrono.com\/index.php\/wp-json\/wp\/v2\/tags?post=2863"}],"curies":[{"name":"wp","href":"https:\/\/api.w.org\/{rel}","templated":true}]}}