{"id":2866,"date":"2019-01-14T12:06:58","date_gmt":"2019-01-14T11:06:58","guid":{"rendered":"http:\/\/guineechrono.com\/?p=2866"},"modified":"2019-01-14T12:06:58","modified_gmt":"2019-01-14T11:06:58","slug":"decret-sekou-mai-diarra-nomme-dg-de-la-sogeac","status":"publish","type":"post","link":"https:\/\/guineechrono.com\/index.php\/decret-sekou-mai-diarra-nomme-dg-de-la-sogeac\/","title":{"rendered":"D\u00e9cret : S\u00e9kou Ma\u00ef Diarra nomm\u00e9 DG de la SOGEAC"},"content":{"rendered":"<p>Ce dimanche soir, 13 janvier 2019 dans un d\u00e9cret\u00a0\u00a0lu sur les ondes de la t\u00e9l\u00e9vision nationale, le pr\u00e9sident Alpha Cond\u00e9 a nomm\u00e9\u00a0\u00a0S\u00e9kou Ma\u00ef Diarra, administrateur civil, au poste de directeur g\u00e9n\u00e9ral de la Soci\u00e9t\u00e9 de gestion de l\u2019a\u00e9roport de Conakry (SOGEAC).Il remplace Oulaba kabassan Keit\u00e9 nomm\u00e9 conseiller charg\u00e9 de mission a la pr\u00e9sidence.<\/p>\n<p><b>Aboubacar Pastoria Camara<\/b><\/p>\n<p>&nbsp;<\/p>\n","protected":false},"excerpt":{"rendered":"<p>Ce dimanche soir, 13 janvier 2019 dans un d\u00e9cret\u00a0\u00a0lu sur les ondes de la t\u00e9l\u00e9vision nationale, le pr\u00e9sident Alpha Cond\u00e9 a nomm\u00e9\u00a0\u00a0S\u00e9kou Ma\u00ef Diarra, administrateur civil, au poste de directeur g\u00e9n\u00e9ral de la Soci\u00e9t\u00e9 de gestion de l\u2019a\u00e9roport de Conakry (SOGEAC).Il remplace Oulaba kabassan Keit\u00e9 nomm\u00e9 conseiller charg\u00e9 de mission a la pr\u00e9sidence. Aboubacar Pastoria [&hellip;]<\/p>\n","protected":false},"author":2,"featured_media":2867,"comment_status":"open","ping_status":"closed","sticky":false,"template":"","format":"standard","meta":{"buzzeditor_post_format":"","footnotes":""},"categories":[1],"tags":[],"class_list":["post-2866","post","type-post","status-publish","format-standard","has-post-thumbnail","hentry","category-non-classe"],"jetpack_featured_media_url":"https:\/\/guineechrono.com\/wp-content\/uploads\/2019\/01\/aeroport.jpg","amp_enabled":true,"_links":{"self":[{"href":"https:\/\/guineechrono.com\/index.php\/wp-json\/wp\/v2\/posts\/2866","targetHints":{"allow":["GET"]}}],"collection":[{"href":"https:\/\/guineechrono.com\/index.php\/wp-json\/wp\/v2\/posts"}],"about":[{"href":"https:\/\/guineechrono.com\/index.php\/wp-json\/wp\/v2\/types\/post"}],"author":[{"embeddable":true,"href":"https:\/\/guineechrono.com\/index.php\/wp-json\/wp\/v2\/users\/2"}],"replies":[{"embeddable":true,"href":"https:\/\/guineechrono.com\/index.php\/wp-json\/wp\/v2\/comments?post=2866"}],"version-history":[{"count":0,"href":"https:\/\/guineechrono.com\/index.php\/wp-json\/wp\/v2\/posts\/2866\/revisions"}],"wp:featuredmedia":[{"embeddable":true,"href":"https:\/\/guineechrono.com\/index.php\/wp-json\/wp\/v2\/media\/2867"}],"wp:attachment":[{"href":"https:\/\/guineechrono.com\/index.php\/wp-json\/wp\/v2\/media?parent=2866"}],"wp:term":[{"taxonomy":"category","embeddable":true,"href":"https:\/\/guineechrono.com\/index.php\/wp-json\/wp\/v2\/categories?post=2866"},{"taxonomy":"post_tag","embeddable":true,"href":"https:\/\/guineechrono.com\/index.php\/wp-json\/wp\/v2\/tags?post=2866"}],"curies":[{"name":"wp","href":"https:\/\/api.w.org\/{rel}","templated":true}]}}