{"id":2900,"date":"2019-01-18T18:27:12","date_gmt":"2019-01-18T17:27:12","guid":{"rendered":"http:\/\/guineechrono.com\/?p=2900"},"modified":"2019-01-18T18:27:12","modified_gmt":"2019-01-18T17:27:12","slug":"prorogation-du-mandat-des-deputes-lopposition-prendra-sa-decision-le-16-fevrier-prochain","status":"publish","type":"post","link":"https:\/\/guineechrono.com\/index.php\/prorogation-du-mandat-des-deputes-lopposition-prendra-sa-decision-le-16-fevrier-prochain\/","title":{"rendered":"Prorogation du mandat des d\u00e9put\u00e9s : l\u2019opposition prendra sa d\u00e9cision le 16 f\u00e9vrier prochain"},"content":{"rendered":"<p>C\u2019est \u00e0 issue d\u2019une pl\u00e9ni\u00e8re, ce vendredi 18 janvier 2019 au QG de l\u2019UFDG, que des leaders de l\u2019opposition r\u00e9publicaine, ont annonc\u00e9 qu\u2019ils comptent organiser une rencontre au mois de f\u00e9vrier \u00e0 Kindia, afin de d\u00e9cider si les d\u00e9put\u00e9s issus de leurs partis, si\u00e9geront ou pas \u00e0 l\u2019Assembl\u00e9e Nationale, suite au d\u00e9cret de prorogation pris par le Chef de l\u2019Etat.<\/p>\n<p>\u00ab<em>Il a \u00e9t\u00e9 donc d\u00e9cid\u00e9 \u00e0 l\u2019unanimit\u00e9 que nous allons nous r\u00e9unir le 16 f\u00e9vrier \u00e0 Condeya, dans Kindia, pour que tous les leaders de l\u2019opposition, puissent prendre part \u00e0 cette rencontre au cours de laquelle, des d\u00e9cisions importantes d\u00e9couleront, relatives \u00e0 la pr\u00e9sence de nos d\u00e9put\u00e9s \u00e0 l\u2019Assembl\u00e9e Nationale<\/em>\u00bb, a d\u00e9clar\u00e9 Nestor Kagbadouno, porte-parole du jour.<\/p>\n<p>Toutefois, ils rassurent leurs militants qu\u2019avant le 05 avril, l\u2019opposition donnera sa d\u00e9cision relative \u00e0 cette prolongation.<\/p>\n<p><strong>mosaiqueguinee.com<\/strong><\/p>\n","protected":false},"excerpt":{"rendered":"<p>C\u2019est \u00e0 issue d\u2019une pl\u00e9ni\u00e8re, ce vendredi 18 janvier 2019 au QG de l\u2019UFDG, que des leaders de l\u2019opposition r\u00e9publicaine, ont annonc\u00e9 qu\u2019ils comptent organiser une rencontre au mois de f\u00e9vrier \u00e0 Kindia, afin de d\u00e9cider si les d\u00e9put\u00e9s issus de leurs partis, si\u00e9geront ou pas \u00e0 l\u2019Assembl\u00e9e Nationale, suite au d\u00e9cret de prorogation pris [&hellip;]<\/p>\n","protected":false},"author":2,"featured_media":2901,"comment_status":"open","ping_status":"closed","sticky":false,"template":"","format":"standard","meta":{"buzzeditor_post_format":"","footnotes":""},"categories":[1],"tags":[],"class_list":["post-2900","post","type-post","status-publish","format-standard","has-post-thumbnail","hentry","category-non-classe"],"jetpack_featured_media_url":"https:\/\/guineechrono.com\/wp-content\/uploads\/2019\/01\/Opp.jpeg","amp_enabled":true,"_links":{"self":[{"href":"https:\/\/guineechrono.com\/index.php\/wp-json\/wp\/v2\/posts\/2900","targetHints":{"allow":["GET"]}}],"collection":[{"href":"https:\/\/guineechrono.com\/index.php\/wp-json\/wp\/v2\/posts"}],"about":[{"href":"https:\/\/guineechrono.com\/index.php\/wp-json\/wp\/v2\/types\/post"}],"author":[{"embeddable":true,"href":"https:\/\/guineechrono.com\/index.php\/wp-json\/wp\/v2\/users\/2"}],"replies":[{"embeddable":true,"href":"https:\/\/guineechrono.com\/index.php\/wp-json\/wp\/v2\/comments?post=2900"}],"version-history":[{"count":0,"href":"https:\/\/guineechrono.com\/index.php\/wp-json\/wp\/v2\/posts\/2900\/revisions"}],"wp:featuredmedia":[{"embeddable":true,"href":"https:\/\/guineechrono.com\/index.php\/wp-json\/wp\/v2\/media\/2901"}],"wp:attachment":[{"href":"https:\/\/guineechrono.com\/index.php\/wp-json\/wp\/v2\/media?parent=2900"}],"wp:term":[{"taxonomy":"category","embeddable":true,"href":"https:\/\/guineechrono.com\/index.php\/wp-json\/wp\/v2\/categories?post=2900"},{"taxonomy":"post_tag","embeddable":true,"href":"https:\/\/guineechrono.com\/index.php\/wp-json\/wp\/v2\/tags?post=2900"}],"curies":[{"name":"wp","href":"https:\/\/api.w.org\/{rel}","templated":true}]}}