{"id":2906,"date":"2019-01-19T17:00:26","date_gmt":"2019-01-19T16:00:26","guid":{"rendered":"http:\/\/guineechrono.com\/?p=2906"},"modified":"2019-01-19T17:00:26","modified_gmt":"2019-01-19T16:00:26","slug":"grand-marche-de-conakry-le-dg-lance-un-appel-au-ministere-des-travaux-publics","status":"publish","type":"post","link":"https:\/\/guineechrono.com\/index.php\/grand-marche-de-conakry-le-dg-lance-un-appel-au-ministere-des-travaux-publics\/","title":{"rendered":"Grand march\u00e9 de Conakry : le DG lance un appel au minist\u00e8re des travaux publics"},"content":{"rendered":"<p><strong>Dans le cadre de promouvoir et d\u00e9velopper les activit\u00e9s socio\u00e9conomiques des op\u00e9rateurs \u00e9conomiques\u00a0 guin\u00e9ens, la direction g\u00e9n\u00e9rale du grand march\u00e9 de Conakry a organis\u00e9 une rencontre d\u2019\u00e9change \u00a0ce vendredi 18 janvier 2019 \u00e0 Conakry. L\u2019objectif \u00e9tait de pr\u00e9senter<br \/>\nla potentielle de ce march\u00e9 et\u00a0 quels sont les voies et moyens pour attirer les commer\u00e7ants\u00a0 \u00e0 occuper cet \u00e9difice.<br \/>\n<\/strong>D\u2019entr\u00e9, le nouveau maire\u00a0 de Matam, seydouba sacko\u00a0 \u00e0 au nom de sa population a\u00a0 remerci\u00e9 les responsables du march\u00e9 pour cette opportunit\u00e9 offerte aux femmes de Conakry en g\u00e9n\u00e9rale mais celle de Matam en particulier.<br \/>\nIl a aussi\u00a0 rassur\u00e9 la ferme volont\u00e9 de son bureau \u00e0 soutenir sans condition toutes les initiatives\u00a0 du gouvernement et ses partenaires dans le sens d\u2019un d\u00e9veloppement\u00a0 socio\u00e9conomique durable du pays et de sa localit\u00e9.<br \/>\nPour sa part, le directeur g\u00e9n\u00e9ral du grand march\u00e9 de Conakry, Modather Abid a tout d\u2019abord\u00a0 rappel\u00e9\u00a0 l\u2019objectif de cette rencontre. Selon lui, c\u2019est\u00a0 de regrouper des entreprises, des op\u00e9rateurs \u00e9conomiques de leur\u00a0 pr\u00e9senter la potentialit\u00e9 de ce March\u00e9 et les atouts qu\u2019ils leurs\u00a0 offrent. \u00ab Ce centre de n\u00e9goce et des affaires en Guin\u00e9e est b\u00e2ti sur une superficie de 54 000m2. Il offre plus de 700 locaux commerciaux, bureaux, magasins et boutiques, trois hangars de mille places pour les femmes \u00e9talagistes pour les ventes journali\u00e8res \u00bb pr\u00e9cise-t-il.<br \/>\nPour lui, cette infrastructure moderne\u00a0 donnera\u00a0 la chance \u00e0 tous les op\u00e9rateurs \u00e9conomiques et des vendeuses de condiments d\u2019\u00e9voluer dans un environnement propre, organis\u00e9 et s\u00e9curis\u00e9. \u00ab La centralisation des op\u00e9rateurs \u00e9conomiques dans un tel lieu va beaucoup faciliter les relations clients-fournisseurs ou clients prestataires de services.<br \/>\nIls sont aussi\u00a0 \u00e9pargn\u00e9s de temps, l\u2019\u00e9nergie et surtout de l\u2019argent. Pour avoir une place dans ce March\u00e9, il suffit juste d\u2019avoir la volont\u00e9, le courage d\u2019adh\u00e9sion \u00bb dit-il.<br \/>\nIl a aussi lanc\u00e9\u00a0 un appel aux autorit\u00e9s gouvernementales, communales, et s\u00e9curitaires d\u2019aider \u00e0 am\u00e9liorer les conditions de travail des femmes et commer\u00e7ants. \u00ab\u00a0 Nous remarquons que\u00a0 chaque jour, les conditions de travail de ces femmes dans les march\u00e9s voisins laisse \u00e0 d\u00e9sirer. Pendant ce temps le Grand March\u00e9 de Conakry ouvre ses portes<br \/>\n\u00e0 ces vendeuses \u00bb, a-t-il ajout\u00e9.<br \/>\nPour finir, le Directeur g\u00e9n\u00e9ral du march\u00e9 a lanc\u00e9 un appel\u00a0 au minist\u00e8re des travaux publics de construire une passerelle afin de faciliter l\u2019acc\u00e8s \u00e0 ce grand march\u00e9. \u00abJe demande au ministre des travaux public de nous aider \u00e0 construire m\u00eame un petit pont pour faciliter au pi\u00e9tons d\u2019acc\u00e9der au march\u00e9 \u00bb, conclut-il.<\/p>\n<p><strong>Pastoria Camara<\/strong><\/p>\n","protected":false},"excerpt":{"rendered":"<p>Dans le cadre de promouvoir et d\u00e9velopper les activit\u00e9s socio\u00e9conomiques des op\u00e9rateurs \u00e9conomiques\u00a0 guin\u00e9ens, la direction g\u00e9n\u00e9rale du grand march\u00e9 de Conakry a organis\u00e9 une rencontre d\u2019\u00e9change \u00a0ce vendredi 18 janvier 2019 \u00e0 Conakry. L\u2019objectif \u00e9tait de pr\u00e9senter la potentielle de ce march\u00e9 et\u00a0 quels sont les voies et moyens pour attirer les commer\u00e7ants\u00a0 \u00e0 [&hellip;]<\/p>\n","protected":false},"author":2,"featured_media":2907,"comment_status":"open","ping_status":"closed","sticky":false,"template":"","format":"standard","meta":{"buzzeditor_post_format":"","footnotes":""},"categories":[1],"tags":[],"class_list":["post-2906","post","type-post","status-publish","format-standard","has-post-thumbnail","hentry","category-non-classe"],"jetpack_featured_media_url":"https:\/\/guineechrono.com\/wp-content\/uploads\/2019\/01\/march\u00e9.jpg","amp_enabled":true,"_links":{"self":[{"href":"https:\/\/guineechrono.com\/index.php\/wp-json\/wp\/v2\/posts\/2906","targetHints":{"allow":["GET"]}}],"collection":[{"href":"https:\/\/guineechrono.com\/index.php\/wp-json\/wp\/v2\/posts"}],"about":[{"href":"https:\/\/guineechrono.com\/index.php\/wp-json\/wp\/v2\/types\/post"}],"author":[{"embeddable":true,"href":"https:\/\/guineechrono.com\/index.php\/wp-json\/wp\/v2\/users\/2"}],"replies":[{"embeddable":true,"href":"https:\/\/guineechrono.com\/index.php\/wp-json\/wp\/v2\/comments?post=2906"}],"version-history":[{"count":0,"href":"https:\/\/guineechrono.com\/index.php\/wp-json\/wp\/v2\/posts\/2906\/revisions"}],"wp:featuredmedia":[{"embeddable":true,"href":"https:\/\/guineechrono.com\/index.php\/wp-json\/wp\/v2\/media\/2907"}],"wp:attachment":[{"href":"https:\/\/guineechrono.com\/index.php\/wp-json\/wp\/v2\/media?parent=2906"}],"wp:term":[{"taxonomy":"category","embeddable":true,"href":"https:\/\/guineechrono.com\/index.php\/wp-json\/wp\/v2\/categories?post=2906"},{"taxonomy":"post_tag","embeddable":true,"href":"https:\/\/guineechrono.com\/index.php\/wp-json\/wp\/v2\/tags?post=2906"}],"curies":[{"name":"wp","href":"https:\/\/api.w.org\/{rel}","templated":true}]}}