{"id":29097,"date":"2022-05-18T17:38:21","date_gmt":"2022-05-18T16:38:21","guid":{"rendered":"https:\/\/guineechrono.com\/?p=29097"},"modified":"2022-05-18T17:42:04","modified_gmt":"2022-05-18T16:42:04","slug":"coupures-intempestives-du-courant-a-conakry-le-dg-de-legd-apporte-des-precisions","status":"publish","type":"post","link":"https:\/\/guineechrono.com\/index.php\/coupures-intempestives-du-courant-a-conakry-le-dg-de-legd-apporte-des-precisions\/","title":{"rendered":"Coupures intempestives du courant \u00e0 Conakry : le DG de l\u2019EGD apporte des pr\u00e9cisions"},"content":{"rendered":"<p><strong>Dans ces derniers temps, plusieurs quartiers de la capitale Conakry ont enregistr\u00e9 de d\u00e9lestages du courant \u00e9lectrique. Pr\u00e9occup\u00e9 par cette situation, le directeur g\u00e9n\u00e9ral de l\u2019\u00e9lectricit\u00e9 de guin\u00e9e (EDG) a apport\u00e9 des pr\u00e9cisions. C\u2019\u00e9tait au cours d\u2019un point de presse tenu ce mercredi 18 mai 2022 dans la salle de r\u00e9union de ladite soci\u00e9t\u00e9. <\/strong><\/p>\n<p>Devant un parterre de journalistes, Laye S\u00e9kou Camara, Directeur General de l\u2019EDG a soulign\u00e9 que le probl\u00e8me ne se trouve pas au niveau de la production<em>. \u00ab\u00a0 <\/em>Nous n\u2019avons aucun probl\u00e8me de production d\u2019\u00e9lectricit\u00e9. Actuellement nous avons, pour les barrages de Kaleta-Souapiti-Garafiri, une puissance \u00e9nerg\u00e9tique install\u00e9e d\u2019environ 690 M\u00e9gawatts. Sans compter l\u2019apport des centrales thermiques de Kaloum, les fournisseurs ind\u00e9pendants dont le bateau turc et le complexe de Ban\u00e9ya-Donk\u00e9ya<em>\u00bb. <\/em><\/p>\n<p>Poursuivant, le Directeur General de l\u2019EDG a signal\u00e9 qu\u2019\u00e0 leur arriv\u00e9, l\u2019essentiel des centrales qui appartiennent \u00e0 l\u2019EDG n\u2019\u00e9tait pas dans un \u00e9tat qui pouvait produire suffisamment. \u00ab Apr\u00e8s l\u2019\u00e9tat des lieux, l\u2019essentiel de nos \u00e9l\u00e9ments de production, c\u2019est \u00e0 dire les centrales qui appartiennent \u00e0 EDG n\u2019\u00e9tait pas dans un \u00e9tat qui pouvait produire suffisamment. C\u2019est \u00e0 dire ils \u00e9taient tous \u00e0 30% de leur \u00e9tat technique, \u00e7a veut dire quoi ? \u00c7a veut dire qu\u2019aucune de ses centrales de produire sa capacit\u00e9, elle est limit\u00e9e \u00e0 30%. Lorsque aussi nous avons observ\u00e9 au niveau de la distribution, nous avons vu que \u00e7a fait pratiquement deux ans que la distribution n\u2019a pas subi d\u2019entretien et de maintenance. Donc ce qui reste un peu l\u2019\u00e9tat des installations dans un \u00e9tat un peu d\u00e9risoire, c\u2019est \u00e0 dire elle n\u2019est pas efficace \u00e0 100%.<\/p>\n<p>Donc nous nous sommes attel\u00e9s ici \u00e0 aller de l\u2019avant pour pouvoir r\u00e9duire cette subvention de r\u00e9parer nos machines pour qu\u2019on soit pr\u00eats d\u2019ici la saison prochaine, c\u2019est \u00e0 dire l\u2019\u00e9tiage prochain. La distribution aussi nous avons engag\u00e9 aussi des travaux pour pouvoir aussi appr\u00eater. C\u2019est pendant la saison s\u00e8che que nous avons beaucoup de demande, c\u2019est \u00e0 dire la demande s\u2019accro\u00eet pendant l\u2019\u00e9t\u00e9, la saison s\u00e8che. Donc en ce moment-l\u00e0 il faut que les installations soient appr\u00eat\u00e9es et \u00e7a nous permet aussi de diminuer aussi l\u2019intervention de l\u2019Etat, si on utilise nos propres centrales. Donc c\u2019est sur \u00e7a nous nous sommes attel\u00e9s la maintenance de nos \u00e9quipements\u00a0\u00bb.<\/p>\n<p>Plus loin, le patron de l\u2019EDG rassure la population de Conakry. \u00ab\u00a0Nous rassurons les populations des dispositions prises \u00e0 notre niveau pour venir \u00e0 bout de tous les d\u00e9sagr\u00e9ments li\u00e9s aux d\u00e9lestages et aux coupures. Il faut savoir que les coupures qui sont enregistr\u00e9es sur le r\u00e9seau sont dict\u00e9es par la n\u00e9cessit\u00e9 des travaux de maintenance pour assurer la long\u00e9vit\u00e9 de nos \u00e9quipements. Sans la maintenance, on n\u2019a pas de r\u00e9seau\u00a0\u00bb, a-t-il promis.<\/p>\n<p><strong>Aboubacar Pastoria Camara <em>\u00a0<\/em><\/strong><\/p>\n<p><strong>00\u00a0224\u00a0628 08 45 86<\/strong><\/p>\n<p><em>\u00a0<\/em><\/p>\n","protected":false},"excerpt":{"rendered":"<p>Dans ces derniers temps, plusieurs quartiers de la capitale Conakry ont enregistr\u00e9 de d\u00e9lestages du courant \u00e9lectrique. Pr\u00e9occup\u00e9 par cette situation, le directeur g\u00e9n\u00e9ral de l\u2019\u00e9lectricit\u00e9 de guin\u00e9e (EDG) a apport\u00e9 des pr\u00e9cisions. C\u2019\u00e9tait au cours d\u2019un point de presse tenu ce mercredi 18 mai 2022 dans la salle de r\u00e9union de ladite soci\u00e9t\u00e9. Devant [&hellip;]<\/p>\n","protected":false},"author":2,"featured_media":29098,"comment_status":"open","ping_status":"closed","sticky":false,"template":"","format":"standard","meta":{"buzzeditor_post_format":"","footnotes":""},"categories":[42],"tags":[],"class_list":["post-29097","post","type-post","status-publish","format-standard","has-post-thumbnail","hentry","category-news"],"jetpack_featured_media_url":"https:\/\/guineechrono.com\/wp-content\/uploads\/2022\/05\/edd.jpg","amp_enabled":true,"_links":{"self":[{"href":"https:\/\/guineechrono.com\/index.php\/wp-json\/wp\/v2\/posts\/29097","targetHints":{"allow":["GET"]}}],"collection":[{"href":"https:\/\/guineechrono.com\/index.php\/wp-json\/wp\/v2\/posts"}],"about":[{"href":"https:\/\/guineechrono.com\/index.php\/wp-json\/wp\/v2\/types\/post"}],"author":[{"embeddable":true,"href":"https:\/\/guineechrono.com\/index.php\/wp-json\/wp\/v2\/users\/2"}],"replies":[{"embeddable":true,"href":"https:\/\/guineechrono.com\/index.php\/wp-json\/wp\/v2\/comments?post=29097"}],"version-history":[{"count":0,"href":"https:\/\/guineechrono.com\/index.php\/wp-json\/wp\/v2\/posts\/29097\/revisions"}],"wp:featuredmedia":[{"embeddable":true,"href":"https:\/\/guineechrono.com\/index.php\/wp-json\/wp\/v2\/media\/29098"}],"wp:attachment":[{"href":"https:\/\/guineechrono.com\/index.php\/wp-json\/wp\/v2\/media?parent=29097"}],"wp:term":[{"taxonomy":"category","embeddable":true,"href":"https:\/\/guineechrono.com\/index.php\/wp-json\/wp\/v2\/categories?post=29097"},{"taxonomy":"post_tag","embeddable":true,"href":"https:\/\/guineechrono.com\/index.php\/wp-json\/wp\/v2\/tags?post=29097"}],"curies":[{"name":"wp","href":"https:\/\/api.w.org\/{rel}","templated":true}]}}