{"id":2920,"date":"2019-01-21T12:51:31","date_gmt":"2019-01-21T11:51:31","guid":{"rendered":"http:\/\/guineechrono.com\/?p=2920"},"modified":"2019-01-21T12:51:31","modified_gmt":"2019-01-21T11:51:31","slug":"en-rdc-felix-tshisekedi-est-proclame-president-par-la-cour-constitutionnelle","status":"publish","type":"post","link":"https:\/\/guineechrono.com\/index.php\/en-rdc-felix-tshisekedi-est-proclame-president-par-la-cour-constitutionnelle\/","title":{"rendered":"En RDC, F\u00e9lix Tshisekedi est proclam\u00e9 pr\u00e9sident par la Cour constitutionnelle"},"content":{"rendered":"<p>La R\u00e9publique d\u00e9mocratique du Congo a enfin un pr\u00e9sident. La Cour constitutionnelle a officiellement proclam\u00e9, dimanche 20\u00a0janvier, F\u00e9lix Tshisekedi vainqueur de l\u2019\u00e9lection pr\u00e9sidentielle, apr\u00e8s avoir rejet\u00e9 le recours, consid\u00e9r\u00e9 comme\u00a0<em>\u00ab\u00a0non fond\u00e9\u00a0\u00bb,<\/em>\u00a0de l\u2019autre opposant Martin Fayulu.<\/p>\n<section class=\"catcher catcher--inline\"><span class=\"catcher__title\"><span class=\"icon__premium\"><span class=\"sr-only\">Article r\u00e9serv\u00e9 \u00e0 nos abonn\u00e9s<\/span><\/span>\u00a0Lire aussi\u00a0<\/span><span class=\"catcher__desc\">La R\u00e9publique d\u00e9mocratique du Congo met la communaut\u00e9 internationale au pied du mur<\/span><\/section>\n<p>Dans son arr\u00eat, lu par le juge No\u00ebl Kilomba, la Cour constitutionnelle a estim\u00e9 que M. Fayulu n\u2019a\u00a0<em>\u00ab pas apport\u00e9 la preuve \u00bb<\/em>\u00a0que les r\u00e9sultats annonc\u00e9s par la Commission \u00e9lectorale (C\u00e9ni) n\u2019\u00e9taient pas conformes \u00e0 la r\u00e9alit\u00e9. Il contestait les r\u00e9sultats provisoires proclamant M. Tshisekedi vainqueur avec 38,57 % des voix et le cr\u00e9ditant de la deuxi\u00e8me place avec 34,8 % des suffrages.<\/p>\n<figure><picture class=\"article__media\"><source media=\"(min-width: 992px)\" \/><source media=\"(min-width: 576px)\" \/><\/picture><figcaption class=\"article__legend\" aria-hidden=\"\u201ctrue\u201c\">Les partisans de Felix Tshisekedi explosent de joie, apr\u00e8s l\u2019annonce de la Cour constitutionnelle. JOHN WESSELS \/ AFP<\/p>\n<h2 class=\"article__sub-title\">\u00ab\u00a0Un coup d\u2019Etat constitutionnel\u00a0\u00bb<\/h2>\n<p>Mais Martin Fayulu ne l\u2019entend pas ainsi.\u00a0<em>\u00ab\u00a0Je me consid\u00e8re d\u00e9sormais comme le seul pr\u00e9sident l\u00e9gitime de la R\u00e9publique d\u00e9mocratique du Congo\u00a0\u00bb<\/em>, a-t-il d\u00e9clar\u00e9, juste apr\u00e8s l\u2019annonce de la Cour constitutionnelle.\u00a0<em>\u00ab\u00a0D\u00e8s lors, je demande au peuple congolais de ne pas reconna\u00eetre tout individu qui se pr\u00e9vaudrait ill\u00e9gitimement de cette qualit\u00e9, ni ob\u00e9ir aux ordres qui \u00e9maneraient de lui\u00a0\u00bb<\/em>, a-t-il lanc\u00e9, revendiquant la victoire avec 60% des voix.<\/p>\n<p><em>\u00ab\u00a0Je demande par ailleurs \u00e0 l\u2019ensemble de la communaut\u00e9 internationale de ne pas reconna\u00eetre un pouvoir qui n\u2019a ni l\u00e9gitimit\u00e9 ni qualit\u00e9 l\u00e9gale pour repr\u00e9senter le peuple congolais\u00a0\u00bb<\/em>, a-t-il ajout\u00e9. M. Fayulu a appel\u00e9 les Congolais \u00e0 organiser des manifestations<em>\u00a0\u00ab pacifiques\u00bb<\/em>\u00a0pour protester contre la d\u00e9cision de la Cour constitutionnelle.\u00a0<em>\u00ab\u00a0Ce n\u2019est ni plus ni moins qu\u2019un coup d\u2019Etat constitutionnel car il porte \u00e0 la magistrature supr\u00eame un non-\u00e9lu\u00a0\u00bb<\/em>, a-t-il insist\u00e9.<\/p>\n<section class=\"catcher catcher--inline\"><span class=\"catcher__title\">Lire aussi\u00a0<\/span><span class=\"catcher__desc\">En RDC, le candidat de l\u2019opposition Martin Fayulu d\u00e9nonce un \u00ab\u00a0hold-up \u00e9lectoral\u00a0\u00bb<\/span><\/section>\n<p><em>\u00ab\u00a0Par cet arr\u00eat, la Cour constitutionnelle vient une fois de plus de confirmer qu\u2019\u00e0 l\u2019instar de la Commission \u00e9lectorale, elle est au service d\u2019un individu et d\u2019un r\u00e9gime dictatorial qui ne respecte ni les lois de la R\u00e9publique ni les r\u00e8gles les plus \u00e9l\u00e9mentaires de la d\u00e9mocratie et de la morale\u00a0\u00bb<\/em>, a-t-il dit, visant le pr\u00e9sident sortant Joseph Kabila. M. Fayulu accuse M. Tshisekedi d\u2019\u00eatre\u00a0<em>\u00ab\u00a0totalement complice\u00a0\u00bb<\/em>\u00a0d\u2019un\u00a0<em>\u00ab\u00a0putsch \u00e9lectoral\u00a0\u00bb<\/em>\u00a0organis\u00e9 par le pr\u00e9sident sortant Kabila.<\/p>\n<\/figcaption><\/figure>\n","protected":false},"excerpt":{"rendered":"<p>La R\u00e9publique d\u00e9mocratique du Congo a enfin un pr\u00e9sident. La Cour constitutionnelle a officiellement proclam\u00e9, dimanche 20\u00a0janvier, F\u00e9lix Tshisekedi vainqueur de l\u2019\u00e9lection pr\u00e9sidentielle, apr\u00e8s avoir rejet\u00e9 le recours, consid\u00e9r\u00e9 comme\u00a0\u00ab\u00a0non fond\u00e9\u00a0\u00bb,\u00a0de l\u2019autre opposant Martin Fayulu. Article r\u00e9serv\u00e9 \u00e0 nos abonn\u00e9s\u00a0Lire aussi\u00a0La R\u00e9publique d\u00e9mocratique du Congo met la communaut\u00e9 internationale au pied du mur Dans son [&hellip;]<\/p>\n","protected":false},"author":2,"featured_media":2921,"comment_status":"open","ping_status":"closed","sticky":false,"template":"","format":"standard","meta":{"buzzeditor_post_format":"","footnotes":""},"categories":[1],"tags":[],"class_list":["post-2920","post","type-post","status-publish","format-standard","has-post-thumbnail","hentry","category-non-classe"],"jetpack_featured_media_url":"https:\/\/guineechrono.com\/wp-content\/uploads\/2019\/01\/RDC.jpg","amp_enabled":true,"_links":{"self":[{"href":"https:\/\/guineechrono.com\/index.php\/wp-json\/wp\/v2\/posts\/2920","targetHints":{"allow":["GET"]}}],"collection":[{"href":"https:\/\/guineechrono.com\/index.php\/wp-json\/wp\/v2\/posts"}],"about":[{"href":"https:\/\/guineechrono.com\/index.php\/wp-json\/wp\/v2\/types\/post"}],"author":[{"embeddable":true,"href":"https:\/\/guineechrono.com\/index.php\/wp-json\/wp\/v2\/users\/2"}],"replies":[{"embeddable":true,"href":"https:\/\/guineechrono.com\/index.php\/wp-json\/wp\/v2\/comments?post=2920"}],"version-history":[{"count":0,"href":"https:\/\/guineechrono.com\/index.php\/wp-json\/wp\/v2\/posts\/2920\/revisions"}],"wp:featuredmedia":[{"embeddable":true,"href":"https:\/\/guineechrono.com\/index.php\/wp-json\/wp\/v2\/media\/2921"}],"wp:attachment":[{"href":"https:\/\/guineechrono.com\/index.php\/wp-json\/wp\/v2\/media?parent=2920"}],"wp:term":[{"taxonomy":"category","embeddable":true,"href":"https:\/\/guineechrono.com\/index.php\/wp-json\/wp\/v2\/categories?post=2920"},{"taxonomy":"post_tag","embeddable":true,"href":"https:\/\/guineechrono.com\/index.php\/wp-json\/wp\/v2\/tags?post=2920"}],"curies":[{"name":"wp","href":"https:\/\/api.w.org\/{rel}","templated":true}]}}