{"id":2923,"date":"2019-01-21T13:11:03","date_gmt":"2019-01-21T12:11:03","guid":{"rendered":"http:\/\/guineechrono.com\/?p=2923"},"modified":"2019-01-21T13:11:03","modified_gmt":"2019-01-21T12:11:03","slug":"guinee-limage-de-mandela-delabree-par-des-inconnus","status":"publish","type":"post","link":"https:\/\/guineechrono.com\/index.php\/guinee-limage-de-mandela-delabree-par-des-inconnus\/","title":{"rendered":"Guin\u00e9e : L\u2019image de Mandela d\u00e9labr\u00e9e par des inconnus \u2026"},"content":{"rendered":"<p>CONAKRY-Le portrait de la m\u00e9moire de Nelson Mandela, situ\u00e9 au Pont 8 novembre, porte d\u2019entr\u00e9e de Kaloum, le centre administratif et des affaires de capitale guin\u00e9enne, a \u00e9t\u00e9 \u2018\u2019 \u00e9corch\u00e9 \u2019\u2019 par des apatrides.\u00a0 La fresque du leader sud-africain \u00e9rig\u00e9e aux portes de la ville de Kaloum, qui mesure 3 m\u00e8tres de hauteur pour un poids de 2.2 tonnes a fait l\u2019objet d\u2019un acte de \u2018\u2019sabotage\u2019\u2019.<\/p>\n<p>Ce portrait sculpt\u00e9 par l\u2019artiste fran\u00e7ais St\u00e9phane Cipre a \u00e9t\u00e9 inaugur\u00e9 en juin 2017\u00a0\u00a0pour accompagner\u00a0\u00a0l\u2019\u00e9v\u00e8nement \u2018\u2019 Conakry capitale Mondiale du Livre\u2019\u2019. Un inconnu dont on ignore la motivation a sali cette \u0153uvre monumentale\u00a0de Nelson Mandela. L\u2019auteur s\u2019est servi de la peinture rouge, la m\u00eame utilis\u00e9e pour d\u00e9naturer le visage de S\u00e9kou Tour\u00e9 tout pr\u00e8s. Il a badigeonn\u00e9 sur la figure de Madiba Mandela.<\/p>\n<p>Cette image d\u00e9natur\u00e9e d\u2019un Nelson Mandela souriant a \u00e9t\u00e9 per\u00e7ue comme une attaque \u00e0 la m\u00e9moire de celui qui s\u2019est consid\u00e9r\u00e9 comme guin\u00e9en pendant sa lutte anti-apartheid. L\u2019ic\u00f4ne avait eu des documents officiels de la Guin\u00e9e pour mener son combat.<\/p>\n<p>Approch\u00e9 par un journaliste de notre r\u00e9daction, un fonctionnaire de l\u2019ambassade d\u2019Afrique du Sud bas\u00e9e \u00e0 Conakry s\u2019est dit outr\u00e9 par cet acte qui n\u2019honore pas la Guin\u00e9e. Pour notre interlocuteur, le fait de porter atteinte \u00e0 cette fresque du 08 novembre, n\u2019est surement que l\u2019\u00e9manation de personnes \u2018\u2019mal intentionn\u00e9es\u2019\u2019. Notre interlocuteur annonce \u00e9galement que la repr\u00e9sentation diplomatique Sud-africaine en Guin\u00e9e pourrait r\u00e9agir face \u00e0 cet acte de sabotage.<\/p>\n<p>Approch\u00e9es,\u00a0\u00a0les autorit\u00e9s administratives et communales de Kaloum, n\u2019ont pas voulu r\u00e9agir pour l\u2019instant sur cet acte de sabotage.<\/p>\n<p>Nelson Mandela, qui n\u2019est plus \u00e0 pr\u00e9senter \u00e0 l\u2019humanit\u00e9, est le premier pr\u00e9sident d\u00e9mocratiquement \u00e9lu de l\u2019Afrique du Sud. Ainsi,\u00a0\u00a0chaque 18 juillet, le monde c\u00e9l\u00e8bre \u00ab\u00a0le Mandela Day\u00a0\u00bb l\u2019anniversaire de sa date de naissance \u00e0 travers des dons offerts aux plus d\u00e9munis.<\/p>\n<p>&nbsp;<\/p>\n","protected":false},"excerpt":{"rendered":"<p>CONAKRY-Le portrait de la m\u00e9moire de Nelson Mandela, situ\u00e9 au Pont 8 novembre, porte d\u2019entr\u00e9e de Kaloum, le centre administratif et des affaires de capitale guin\u00e9enne, a \u00e9t\u00e9 \u2018\u2019 \u00e9corch\u00e9 \u2019\u2019 par des apatrides.\u00a0 La fresque du leader sud-africain \u00e9rig\u00e9e aux portes de la ville de Kaloum, qui mesure 3 m\u00e8tres de hauteur pour un [&hellip;]<\/p>\n","protected":false},"author":2,"featured_media":2924,"comment_status":"open","ping_status":"closed","sticky":false,"template":"","format":"standard","meta":{"buzzeditor_post_format":"","footnotes":""},"categories":[1],"tags":[],"class_list":["post-2923","post","type-post","status-publish","format-standard","has-post-thumbnail","hentry","category-non-classe"],"jetpack_featured_media_url":"https:\/\/guineechrono.com\/wp-content\/uploads\/2019\/01\/image_mandela_pont_o8_nov.jpg","amp_enabled":true,"_links":{"self":[{"href":"https:\/\/guineechrono.com\/index.php\/wp-json\/wp\/v2\/posts\/2923","targetHints":{"allow":["GET"]}}],"collection":[{"href":"https:\/\/guineechrono.com\/index.php\/wp-json\/wp\/v2\/posts"}],"about":[{"href":"https:\/\/guineechrono.com\/index.php\/wp-json\/wp\/v2\/types\/post"}],"author":[{"embeddable":true,"href":"https:\/\/guineechrono.com\/index.php\/wp-json\/wp\/v2\/users\/2"}],"replies":[{"embeddable":true,"href":"https:\/\/guineechrono.com\/index.php\/wp-json\/wp\/v2\/comments?post=2923"}],"version-history":[{"count":0,"href":"https:\/\/guineechrono.com\/index.php\/wp-json\/wp\/v2\/posts\/2923\/revisions"}],"wp:featuredmedia":[{"embeddable":true,"href":"https:\/\/guineechrono.com\/index.php\/wp-json\/wp\/v2\/media\/2924"}],"wp:attachment":[{"href":"https:\/\/guineechrono.com\/index.php\/wp-json\/wp\/v2\/media?parent=2923"}],"wp:term":[{"taxonomy":"category","embeddable":true,"href":"https:\/\/guineechrono.com\/index.php\/wp-json\/wp\/v2\/categories?post=2923"},{"taxonomy":"post_tag","embeddable":true,"href":"https:\/\/guineechrono.com\/index.php\/wp-json\/wp\/v2\/tags?post=2923"}],"curies":[{"name":"wp","href":"https:\/\/api.w.org\/{rel}","templated":true}]}}