{"id":29253,"date":"2022-05-26T13:01:02","date_gmt":"2022-05-26T12:01:02","guid":{"rendered":"https:\/\/guineechrono.com\/?p=29253"},"modified":"2022-05-26T13:01:02","modified_gmt":"2022-05-26T12:01:02","slug":"senegal-incendie-onze-bebes-meurent-dans-un-hopital","status":"publish","type":"post","link":"https:\/\/guineechrono.com\/index.php\/senegal-incendie-onze-bebes-meurent-dans-un-hopital\/","title":{"rendered":"S\u00e9n\u00e9gal\/Incendie : Onze b\u00e9b\u00e9s meurent dans un h\u00f4pital"},"content":{"rendered":"<p>Onze b\u00e9b\u00e9s ont p\u00e9ri mercredi dans un incendie apparemment accidentel \u00e0 l\u2019h\u00f4pital de Tivaouane, dernier drame en date \u00e0 mettre en lumi\u00e8re les graves carences du syst\u00e8me de sant\u00e9 s\u00e9n\u00e9galais. Le drame a caus\u00e9 la consternation et amplifi\u00e9 l\u2019exasp\u00e9ration devant la r\u00e9p\u00e9tition de tels chocs dans le pays.<\/p>\n<p>Le sinistre a \u00e9t\u00e9 caus\u00e9 par un court-circuit dans l\u2019unit\u00e9 n\u00e9o-natale de l\u2019h\u00f4pital Abdoul Aziz Sy Dabakh o\u00f9 se trouvaient les nouveau-n\u00e9s, a dit le ministre de la Sant\u00e9 Abdoulaye Diouf Sarr cit\u00e9 par la presse. L\u2019unit\u00e9 a une capacit\u00e9 de 13 b\u00e9b\u00e9s ;\u00a0<em>\u00ab\u00a0Au moment de l\u2019incendie il y en avait 11, que les infirmi\u00e8res n\u2019ont pas pu sauver\u00a0\u00bb<\/em>, a-t-il dit.<\/p>\n<p><em>\u00ab\u00a0Trois b\u00e9b\u00e9s ont \u00e9t\u00e9 sauv\u00e9s\u00a0\u00bb<\/em>, a contredit pour sa part le maire de Tivaouane, Demba Diop. L\u2019incendie a \u00e9t\u00e9 caus\u00e9 par\u00a0<em>\u00ab\u00a0un court-circuit et le feu s\u2019est propag\u00e9 tr\u00e8s vite\u00a0\u00bb<\/em>, a dit M. Diop, \u00e9galement d\u00e9put\u00e9 connu sous le nom de Diop Sy.<\/p>\n<p><em>\u00ab\u00a0Mon fils a \u00e9t\u00e9 baptis\u00e9 hier, il n\u2019a que que neuf jours. La maternit\u00e9 \u00e9tait pleine et je pense qu\u2019il n\u2019y a pas de survivants\u00a0\u00bb<\/em>, a dit dans la nuit une m\u00e8re non-identifi\u00e9e au site d\u2019information Dakaractu.<\/p>\n<p>Les personnalit\u00e9s se sont succ\u00e9d\u00e9 sur place dans la nuit. Le pr\u00e9sident Macky Sall, en d\u00e9placement \u00e0 l\u2019\u00e9tranger, a d\u00e9p\u00each\u00e9 son ministre de l\u2019Int\u00e9rieur Antoine Diome. La cit\u00e9 d\u2019environ 40.000 habitants est le fief des Tidianes, l\u2019une des importantes confr\u00e9ries musulmanes qui jouent un r\u00f4le social essentiel au S\u00e9n\u00e9gal, et son chef a lui aussi envoy\u00e9 son repr\u00e9sentant sur place.<\/p>\n<p><em>\u00ab\u00a0Je viens d\u2019apprendre avec douleur et consternation le d\u00e9c\u00e8s de 11 nouveau-n\u00e9s dans l\u2019incendie survenu au service de n\u00e9onatalogie de l\u2019h\u00f4pital\u00a0\u00bb<\/em>\u00a0de Tivaouane, a tweet\u00e9 le pr\u00e9sident Macky Sall.\u00a0<em>\u00ab\u00a0A leurs mamans et \u00e0 leurs familles, j\u2019exprime ma profonde compassion\u00a0\u00bb<\/em>, a-t-il ajout\u00e9.<\/p>\n<p><em><strong>\u00ab\u00a0C\u0153ur plus que bris\u00e9\u00a0\u00bb<\/strong><\/em><\/p>\n<p>Au lever du jour, seul un v\u00e9hicule de police plac\u00e9 \u00e0 l\u2019entr\u00e9e de l\u2019h\u00f4pital en bord de route signalait la trag\u00e9die survenue quelques heures auparavant. Des patients franchissaient, semble-t-il comme \u00e0 l\u2019accoutum\u00e9e, le portail o\u00f9 des agents de s\u00e9curit\u00e9 filtraient les entr\u00e9es. Les lieux de l\u2019incendie sont invisibles de la route.<\/p>\n<p>Les h\u00f4pitaux s\u00e9n\u00e9galais ont connu d\u2019autres drames r\u00e9cemment. Quatre nouveau-n\u00e9s avaient succomb\u00e9 le 25 avril 2021 dans un incendie \u00e0 Lingu\u00e8re, dans le nord du pays. Le maire et alors ministre de l\u2019Int\u00e9rieur, Aly Ngouille Ndiaye, avait \u00e9voqu\u00e9 un dysfonctionnement \u00e9lectrique d\u2019une unit\u00e9 de climatisation dans la maternit\u00e9.<\/p>\n<p>Le 1er avril, Astou Sokhna, une femme d\u2019une trentaine d\u2019ann\u00e9es enceinte de neuf mois, est morte \u00e0 l\u2019h\u00f4pital public de Louga (nord) apr\u00e8s avoir, selon ses proches, vainement attendu dans de tr\u00e8s grandes souffrances et pendant une vingtaine d\u2019heures la c\u00e9sarienne qu\u2019elle r\u00e9clamait.<\/p>\n<p>Face au toll\u00e9 provoqu\u00e9 par la mort de Mme Sokhna, le pr\u00e9sident Sall avait donn\u00e9 pour instruction de chercher les responsabilit\u00e9s. Le directeur de l\u2019h\u00f4pital a \u00e9t\u00e9 r\u00e9voqu\u00e9 et remplac\u00e9.<\/p>\n<p><em>\u00ab\u00a0Cette situation est tr\u00e8s regrettable et extr\u00eamement douloureuse. L\u2019enqu\u00eate est en cours pour voir ce qui s\u2019est pass\u00e9\u00a0\u00bb<\/em>\u00a0\u00e0 Tivaouane, a d\u00e9clar\u00e9 sur la radio RFM le ministre de la Sant\u00e9 qui a annonc\u00e9 son retour jeudi de Gen\u00e8ve o\u00f9 il assistait \u00e0 une r\u00e9union de l\u2019Organisation mondiale de la sant\u00e9 (OMS).<\/p>\n<p>Le chef de l\u2019OMS Tedros Adhanom Ghebreyesus a tweet\u00e9 avoir\u00a0<em>\u00ab\u00a0le c\u0153ur plus que bris\u00e9\u00a0\u00bb<\/em>.<\/p>\n<p><em>\u00ab\u00a0J\u2019esp\u00e8re que cette fois les sanctions frapperont le sommet d\u2019un syst\u00e8me globalement d\u00e9faillant\u00a0\u00bb<\/em>\u00a0sans attendre que soient pass\u00e9es les l\u00e9gislatives de juillet, a tweet\u00e9 l\u2019ancien Premier ministre s\u00e9n\u00e9galais Abdoul Mbaye.<\/p>\n<p>Le responsable de la section s\u00e9n\u00e9galaise d\u2019Amnesty, Seydi Gassama,\u00a0<em>\u00ab\u00a0exhorte le gouvernement \u00e0 mettre en place une commission d\u2019enqu\u00eate ind\u00e9pendante pour situer les responsabilit\u00e9s et sanctionner les coupables\u00a0\u00bb<\/em>, sur Twitter.<\/p>\n<p><em>\u00ab\u00a0Encore des b\u00e9b\u00e9s br\u00fbl\u00e9s dans un h\u00f4pital public. C\u2019est inacceptable Macky Sall\u00a0\u00bb<\/em>, a tweet\u00e9 un d\u00e9put\u00e9 de l\u2019opposition, Mamadou Lamine Diallo.<\/p>\n<p><em>\u00ab\u00a0Tout le s\u00e9n\u00e9gal est atterr\u00e9\u00a0\u00bb<\/em>, s\u2019est \u00e9mue la coalition d\u2019opposition Yewwi Askan Wi qui a dit attendre que toute la lumi\u00e8re soit faite sur ce qui s\u2019est pass\u00e9 et a annonc\u00e9 suspendre toute activit\u00e9 politique dans le pays pendant 72 heures.<\/p>\n<p>&nbsp;<\/p>\n<p><strong>Avec AFP<\/strong><\/p>\n<p>&nbsp;<\/p>\n","protected":false},"excerpt":{"rendered":"<p>Onze b\u00e9b\u00e9s ont p\u00e9ri mercredi dans un incendie apparemment accidentel \u00e0 l\u2019h\u00f4pital de Tivaouane, dernier drame en date \u00e0 mettre en lumi\u00e8re les graves carences du syst\u00e8me de sant\u00e9 s\u00e9n\u00e9galais. Le drame a caus\u00e9 la consternation et amplifi\u00e9 l\u2019exasp\u00e9ration devant la r\u00e9p\u00e9tition de tels chocs dans le pays. Le sinistre a \u00e9t\u00e9 caus\u00e9 par un [&hellip;]<\/p>\n","protected":false},"author":2,"featured_media":29254,"comment_status":"open","ping_status":"closed","sticky":false,"template":"","format":"standard","meta":{"buzzeditor_post_format":"","footnotes":""},"categories":[42],"tags":[],"class_list":["post-29253","post","type-post","status-publish","format-standard","has-post-thumbnail","hentry","category-news"],"jetpack_featured_media_url":"https:\/\/guineechrono.com\/wp-content\/uploads\/2022\/05\/dakar.jpg","amp_enabled":true,"_links":{"self":[{"href":"https:\/\/guineechrono.com\/index.php\/wp-json\/wp\/v2\/posts\/29253","targetHints":{"allow":["GET"]}}],"collection":[{"href":"https:\/\/guineechrono.com\/index.php\/wp-json\/wp\/v2\/posts"}],"about":[{"href":"https:\/\/guineechrono.com\/index.php\/wp-json\/wp\/v2\/types\/post"}],"author":[{"embeddable":true,"href":"https:\/\/guineechrono.com\/index.php\/wp-json\/wp\/v2\/users\/2"}],"replies":[{"embeddable":true,"href":"https:\/\/guineechrono.com\/index.php\/wp-json\/wp\/v2\/comments?post=29253"}],"version-history":[{"count":0,"href":"https:\/\/guineechrono.com\/index.php\/wp-json\/wp\/v2\/posts\/29253\/revisions"}],"wp:featuredmedia":[{"embeddable":true,"href":"https:\/\/guineechrono.com\/index.php\/wp-json\/wp\/v2\/media\/29254"}],"wp:attachment":[{"href":"https:\/\/guineechrono.com\/index.php\/wp-json\/wp\/v2\/media?parent=29253"}],"wp:term":[{"taxonomy":"category","embeddable":true,"href":"https:\/\/guineechrono.com\/index.php\/wp-json\/wp\/v2\/categories?post=29253"},{"taxonomy":"post_tag","embeddable":true,"href":"https:\/\/guineechrono.com\/index.php\/wp-json\/wp\/v2\/tags?post=29253"}],"curies":[{"name":"wp","href":"https:\/\/api.w.org\/{rel}","templated":true}]}}