{"id":29281,"date":"2022-05-27T12:24:31","date_gmt":"2022-05-27T11:24:31","guid":{"rendered":"https:\/\/guineechrono.com\/?p=29281"},"modified":"2022-05-27T12:24:31","modified_gmt":"2022-05-27T11:24:31","slug":"nzerekore-voici-le-compte-rendu-du-conseil-des-ministres-du-jeudi-26-mai-2022","status":"publish","type":"post","link":"https:\/\/guineechrono.com\/index.php\/nzerekore-voici-le-compte-rendu-du-conseil-des-ministres-du-jeudi-26-mai-2022\/","title":{"rendered":"Nz\u00e9r\u00e9kor\u00e9 : voici le compte rendu du conseil des ministres du jeudi 26 mai 2022"},"content":{"rendered":"<p>COMPTE RENDU DU CONSEIL DES MINISTRES DU JEUDI 26 MAI 2022<\/p>\n<p>La Session Ordinaire du Conseil des Ministres s\u2019est tenue ce jeudi 26 mai 2022 de 10H \u00e0 12H, sous la haute autorit\u00e9 de son Excellence Monsieur le Pr\u00e9sident du CNRD, Pr\u00e9sident de la Transition, Chef de l\u2019Etat, Chef Supr\u00eame des Arm\u00e9es, le Colonel Mamadi DOUMBOUYA.<\/p>\n<p>Les points suivants \u00e9taient inscrits \u00e0 l\u2019ordre du jour :<\/p>\n<ol>\n<li>MESSAGE DE SON EXCELLENCE MONSIEUR LE PR\u00c9SIDENT DE LA TRANSITION.<\/li>\n<li>COMPTE RENDU DE LA SESSION ORDINAIRE DU CONSEIL INTERMINIST\u00c9RIEL DU MARDI 24 MAI 2022.<\/li>\n<\/ol>\n<p>III. D\u00c9CISIONS DU CONSEIL DES MINISTRES<\/p>\n<ol>\n<li>DIVERS.<\/li>\n<li>MESSAGE DE SON EXCELLENCE MONSIEUR LE PRESIDENT DE LA TRANSITION.<\/li>\n<\/ol>\n<p>son Excellence Monsieur le Pr\u00e9sident du CNRD, Pr\u00e9sident de la Transition, Chef de l\u2019Etat, Chef Supr\u00eame des Arm\u00e9es, le Colonel Mamadi DOUMBOUYA, a port\u00e9 principalement son message sur quatre points :<\/p>\n<p>1- Les objectifs assign\u00e9s aux Ministres dans le cadre de l\u2019immersion dans les quatre r\u00e9gions naturelles :<\/p>\n<p>Au titre du premier point, le Pr\u00e9sident de la Transition a insist\u00e9 sur les objectifs attendus des membres du gouvernement dans le cadre de cette immersion \u00e0 l\u2019int\u00e9rieur du pays. Le Chef de l\u2019\u00c9tat a expliqu\u00e9 qu\u2019il s\u2019agit dans cette mission, de toucher du doigt les r\u00e9alit\u00e9s socio-\u00e9conomiques du pays, ensuite, manifester la r\u00e9elle et effective proximit\u00e9 avec les populations \u00e0 la base, et enfin apporter des solutions idoines et visibles aux probl\u00e8mes de nos concitoyens.<\/p>\n<p>A cette occasion, il a mis l\u2019accent sur la bonne communication gouvernementale. Abstenez-vous des propos et actes de nature \u00e0 alimenter les clivages. Expliquez bien les choses sans d\u00e9former ou promettre.<\/p>\n<p>Vous devez \u00e9galement avoir \u00e0 l\u2019esprit que personne n\u2019est ambassadeur ou repr\u00e9sentant d\u2019une r\u00e9gion dans le gouvernement. Le gouvernement n\u2019est pas dans une campagne \u00e9lectorale ou politique.<\/p>\n<p>2- L\u2019organisation du P\u00e8lerinage musulman 2022 sur les lieux saints de l\u2019islam :<\/p>\n<p>Le Chef de l\u2019\u00c9tat a exprim\u00e9 sa grande pr\u00e9occupation quant \u00e0 l\u2019organisation du P\u00e8lerinage cette ann\u00e9e. Apr\u00e8s avoir rappel\u00e9 le nombre de places accord\u00e9es \u00e0 la Guin\u00e9e qui est de l\u2019ordre (4527 places), a cet effet, le Pr\u00e9sident de la Transition a instruit le Premier Ministre, le Secr\u00e9taire G\u00e9n\u00e9ral des Affaires Religieuses, le Pool Financier et tout le Gouvernement \u00e0 s\u2019investir pleinement pour la bonne r\u00e9ussite du P\u00e8lerinage cette ann\u00e9e.<\/p>\n<p>3- Le suivi dans l\u2019ex\u00e9cution des travaux d\u2019infrastructures<\/p>\n<p>Sur le sujet relatif au suivi de l\u2019ex\u00e9cution des travaux d\u2019infrastructures, Le Chef de l\u2019\u00c9tat a demand\u00e9 \u00e0 l\u2019acc\u00e9l\u00e9ration des travaux de finition des voiries urbaines avant les grandes pluies pour soulager les populations.<\/p>\n<p>Aussi, le Pr\u00e9sident de la Transition a exhort\u00e9 le Ministre de l\u2019\u00c9nergie \u00e0 prendre toutes les dispositions pour r\u00e9soudre les probl\u00e8mes li\u00e9s \u00e0 la desserte en \u00e9lectricit\u00e9 dans les villes de l\u2019int\u00e9rieur du pays.<\/p>\n<p>4- Le Programme d\u2019ex\u00e9cution des Droits de Tirage Sp\u00e9ciaux (DTS)<\/p>\n<p>Relativement aux Droits de Tirage Sp\u00e9ciaux (DTS), le Chef de l\u2019\u00c9tat a instruit le Premier Ministre de lui transmettre un rapport sur le niveau d\u2019ex\u00e9cution \u00e0 date.<\/p>\n<p>Par ailleurs, le Pr\u00e9sident de la Transition a instruit le Ministre de l\u2019Administration du Territoire et de la D\u00e9centralisation et le Pool financier du gouvernement de prendre toutes les dispositions pour apporter le plut\u00f4t une solution aux pr\u00e9occupations et difficult\u00e9s des Administrateurs Territoriaux.<\/p>\n<p>Sur la r\u00e9cup\u00e9ration des domaines publics de l\u2019\u00c9tat, le Pr\u00e9sident a invit\u00e9 les Ministres de l\u2019Administration du Territoire et de l\u2019Urbanisme \u00e0 rester dans le contexte ayant justifier la prise du moratoire, notamment l\u2019examen des dossiers au cas par cas et les grandes pluies qui s\u2019annoncent.<\/p>\n<ol>\n<li>COMPTE RENDU DU CONSEIL INTERMINIST\u00c9RIEL<\/li>\n<\/ol>\n<p>Monsieur le Premier Ministre, Chef du Gouvernement, Mohamed BEAVOGUI a port\u00e9 son message sur les points suivants :<\/p>\n<ul>\n<li>Situation g\u00e9n\u00e9rale de l\u2019\u00e9tat du pays \u00e0 la suite des premiers contacts avec les populations de Lab\u00e9 et de Mamou.<\/li>\n<\/ul>\n<p>Le Premier Ministre a not\u00e9 le fait que beaucoup de services de l\u2019etat attendaient de percevoir leurs frais de fonctionnement, le premier ministre a imm\u00e9diatement ordonn\u00e9 que des dispositions urgentes soient prises pour corriger cette situation.<\/p>\n<p>Au niveau des infrastructures, les logements de ces Hauts Cadres de l\u2019Etat restent \u00e0 d\u00e9sirer selon le Premier Ministre. Il a donc invit\u00e9 le gouvernement \u00e0 y rem\u00e9dier.<\/p>\n<ul>\n<li>La r\u00e9cup\u00e9ration des Domaines Publics de l\u2019\u00c9tat.<\/li>\n<\/ul>\n<p>Le Chef du Gouvernement a expliqu\u00e9 que m\u00eame si la d\u00e9cision de suspension annonc\u00e9e par le CNRD est favorablement accueillie sur l\u2019ensemble du territoire national. L\u2019effort de p\u00e9dagogie et d\u2019explication doit se poursuivre conform\u00e9ment aux instructions du chef de l\u2019\u00e9tat.<\/p>\n<p>Il a enfin termin\u00e9 son message en f\u00e9licitant l\u2019ensemble des membres du Gouvernement pour la promptitude, le dynamisme et l\u2019adaptation dont ils font preuve dans cette immersion. Il a aussi invit\u00e9 l\u2019administration locale \u00e0 continuer \u00e0 faire fonctionner les services publics locaux \u00e0 travers des contacts permanents avec leurs cabinets \u00e0 Conakry.<br \/>\nMadame la Ministre de la Promotion F\u00e9minine, de l\u2019Enfance et des Personnes Vuln\u00e9rables a fait une communication relative \u00e0 la C\u00e9l\u00e9bration du Mois de l\u2019Enfant 2022. Elle a expliqu\u00e9 que sa Communication a pour objet l\u2019expos\u00e9 des motifs soutenant la c\u00e9l\u00e9bration du Mois de l\u2019Enfant Guin\u00e9en 2022. A cet effet, elle a rappel\u00e9 que depuis 1992, la Guin\u00e9e consacre le mois de juin de chaque ann\u00e9e aux enfants.<\/p>\n<p>Le Ministre des Affaires \u00c9trang\u00e8res, de la Coop\u00e9ration Internationale, de l\u2019Int\u00e9gration Africaine et des Guin\u00e9ens de l\u2019\u00c9tranger a communiqu\u00e9 sur le Cadre Triennal de son d\u00e9partement . Il a inform\u00e9 des r\u00e9formes profondes mener par son d\u00e9partement dont le but est de susciter une mutation de l\u2019appareil diplomatique, consolider son action et le doter des outils et moyens lui permettant de contribuer davantage aux imp\u00e9ratifs de refondation et de d\u00e9veloppement de la Guin\u00e9e.<\/p>\n<p>Madame la Ministre de l\u2019Information et de la Communication a aussi communiqu\u00e9 sur la Cr\u00e9ation d\u2019une Cha\u00eene de T\u00e9l\u00e9vision Th\u00e9matique d\u00e9di\u00e9e \u00e0 la Jeunesse et \u00e0 l\u2019Entreprenariat. En application de la d\u00e9cision du conseil des ministres du jeudi 19 mai 2022, Madame la Ministre a inform\u00e9 que son cabinet s\u2019est r\u00e9uni, afin de soumettre au conseil les premiers \u00e9l\u00e9ments de strat\u00e9gie que son d\u00e9partement compte mettre en \u0153uvre pour la cr\u00e9ation de la nouvelle cha\u00eene de t\u00e9l\u00e9vision.<\/p>\n<p>III. D\u00c9CISIONS<\/p>\n<ol>\n<li>Minist\u00e8re de la Promotion F\u00e9minine, de l\u2019Enfance et des Personnes Vuln\u00e9rables<\/li>\n<\/ol>\n<p>Communication relative \u00e0 C\u00e9l\u00e9bration du Mois de l\u2019Enfant 2022<\/p>\n<p>Recommandations de d\u00e9cisions,<\/p>\n<p>Le Conseil a recommand\u00e9 :<\/p>\n<ol>\n<li>De fa\u00e7on unanime et solidaire que le gouvernement soutiennent les activit\u00e9s du mois de l\u2019enfant ;<\/li>\n<li>Que la c\u00e9l\u00e9bration ait lieu sur l\u2019ensemble du territoire national. A cet effet le Minist\u00e8re de la promotion f\u00e9minine et de l\u2019enfance est charg\u00e9 d\u2019\u00e9laborer un programme de participation des membres du gouvernement ;<\/li>\n<li>De faire le point sur les politiques publiques. Qu\u2019est ce qui manque ? Qu\u2019est ce qui est \u00e0 faire ? ;<\/li>\n<li>D\u2019engager une concertation avec d\u2019autres minist\u00e8res sur les besoins en investissement.<\/li>\n<li>Minist\u00e8re des Affaires \u00c9trang\u00e8res, de la Coop\u00e9ration Internationale, de l\u2019Int\u00e9gration Africaine et des Guin\u00e9ens de l\u2019\u00c9tranger<\/li>\n<\/ol>\n<p>Communication relative au Cadre Triennal du Minist\u00e8re des Affaires \u00c9trang\u00e8re, de la Coop\u00e9ration Internationale, de l\u2019Int\u00e9gration Africaine et des Guin\u00e9ens de l\u2019\u00c9tranger<\/p>\n<p>Recommandations de d\u00e9cisions<\/p>\n<p>Le Conseil a :<\/p>\n<ol>\n<li>approuv\u00e9 le programme cadre adoss\u00e9 \u00e0 un plan triennal ;<\/li>\n<li>recommand\u00e9 de tenir compte des amendements effectu\u00e9s en Conseil Interminist\u00e9riel;<\/li>\n<li>recommand\u00e9 que tous les D\u00e9partements minist\u00e9riels soit associ\u00e9s \u00e0 l\u2019initiative.<\/li>\n<li>Minist\u00e8re de l\u2019Information et de la Communication<\/li>\n<\/ol>\n<p>Communication relative \u00e0 la Cr\u00e9ation d\u2019une Cha\u00eene de T\u00e9l\u00e9vision Th\u00e9matique d\u00e9di\u00e9e \u00e0 la Jeunesse et \u00e0 l\u2019Entreprenariat<\/p>\n<p>Recommandations de d\u00e9cisions<\/p>\n<p>Le conseil a approuv\u00e9 les recommandations sous r\u00e9serve :<\/p>\n<ol>\n<li>D\u2019\u00e9laborer une note conceptuelle sur l\u2019identit\u00e9, les objectifs de cette t\u00e9l\u00e9vision ;<\/li>\n<li>De d\u00e9finir une grille de programmes bien r\u00e9fl\u00e9chie ;<\/li>\n<li>De d\u00e9terminer le cout du projet ;<\/li>\n<li>D\u2019adresser une lettre d\u2019engagement au Ministre de l\u2019\u00c9conomie des Finances et une demande \u00e0 celui de la fonction publique ;<\/li>\n<li>De mettre cr\u00e9\u00e9 un comit\u00e9 interminist\u00e9riel charg\u00e9 de la question.<\/li>\n<li>DIVERS.<\/li>\n<li>Dans le cadre du processus de digitalisation de l\u2019administration publique, les Ministres ont \u00e9t\u00e9 dot\u00e9s de tablettes et des t\u00e9l\u00e9phones s\u00e9curis\u00e9s. Cela pour r\u00e9duire progressivement la paperasse dans le travail gouvernemental.<\/li>\n<li>Le Ministre de l\u2019Agriculture et de l\u2019Elevage a partag\u00e9 ses pr\u00e9occupations sur les menaces que pr\u00e9sentent l\u2019apparition de la grippe aviaire sur la s\u00e9curitaire alimentaire et la sant\u00e9 publique dans le pays. Si les interventions de ses \u00e9quipes ont permis de maitriser la situation \u00e0 For\u00e9cariah, en revanche la crise appara\u00eet particuli\u00e8rement aigue \u00e0 Coyah.<\/li>\n<li>Le Secr\u00e9taire G\u00e9n\u00e9ral aux Affaires Religieuses a annonc\u00e9 l\u2019ouverture des pr\u00e9paratifs du p\u00e8lerinage \u00e0 la Mecque. 4500 places sont accord\u00e9es \u00e0 notre pays, avec des conditions pr\u00e9alablement d\u00e9finies par les autorit\u00e9s Saoudiennes en accord avec le gouvernement guin\u00e9en, dans le cadre de la crise sanitaire.<\/li>\n<li>Le Ministre du Travail et de la Fonction Publique a rappel\u00e9 que les demandes de proposition de textes organiques ont \u00e9t\u00e9 renvoy\u00e9es au d\u00e9partement pour consolidation.<\/li>\n<li>Le Ministre D\u00e9l\u00e9gu\u00e9 \u00e0 la D\u00e9fense a attir\u00e9 l\u2019attention du Conseil sur la n\u00e9cessit\u00e9 d\u2019anticiper la planification de cong\u00e9s annuels pour les membres du Gouvernement. A cet effet, les Ministres Secr\u00e9taire g\u00e9n\u00e9ral du Gouvernement et de la Fonction Publique ont \u00e9t\u00e9 instruit \u00e0 faire des propositions.<\/li>\n<\/ol>\n<p>Conakry le 26 mai 2022<\/p>\n<p>\ud835\udc0e\ud835\udc2e\ud835\udc2c\ud835\udc26\ud835\udc1a\ud835\udc27\ud835\udc1e \ud835\udc06\ud835\udc1a\ud835\udc28\ud835\udc2e\ud835\udc1a\ud835\udc25 \ud835\udc03\ud835\udc08\ud835\udc00\ud835\udc0b\ud835\udc0b\ud835\udc0e, \ud835\udc0c\ud835\udc22\ud835\udc27\ud835\udc22\ud835\udc2c\ud835\udc2d\ud835\udc2b\ud835\udc1e \ud835\udc1d\ud835\udc1e \ud835\udc25\u2019\ud835\udc14\ud835\udc2b\ud835\udc1b\ud835\udc1a\ud835\udc27\ud835\udc22\ud835\udc2c\ud835\udc26\ud835\udc1e, \ud835\udc1d\ud835\udc1e \ud835\udc25\u2019\ud835\udc07\ud835\udc1a\ud835\udc1b\ud835\udc22\ud835\udc2d\ud835\udc1a\ud835\udc2d \ud835\udc1e\ud835\udc2d \ud835\udc1d\ud835\udc1e \ud835\udc25\u2019\ud835\udc00\ud835\udc26\ud835\udc1e\u0301\ud835\udc27\ud835\udc1a\ud835\udc20\ud835\udc1e\ud835\udc26\ud835\udc1e\ud835\udc27\ud835\udc2d \ud835\udc1d\ud835\udc2e \ud835\udc13\ud835\udc1e\ud835\udc2b\ud835\udc2b\ud835\udc22\ud835\udc2d\ud835\udc28\ud835\udc22\ud835\udc2b\ud835\udc1e, \ud835\udc0f\ud835\udc28\ud835\udc2b\ud835\udc2d\ud835\udc1e-\ud835\udc0f\ud835\udc1a\ud835\udc2b\ud835\udc28\ud835\udc25\ud835\udc1e \ud835\udc1d\ud835\udc2e \ud835\udc06\ud835\udc28\ud835\udc2e\ud835\udc2f\ud835\udc1e\ud835\udc2b\ud835\udc27\ud835\udc1e\ud835\udc26\ud835\udc1e\ud835\udc27\ud835\udc2d.<\/p>\n<p>Transmis par la Cellule de Communication du Gouvernement.<\/p>\n<p>&nbsp;<\/p>\n","protected":false},"excerpt":{"rendered":"<p>COMPTE RENDU DU CONSEIL DES MINISTRES DU JEUDI 26 MAI 2022 La Session Ordinaire du Conseil des Ministres s\u2019est tenue ce jeudi 26 mai 2022 de 10H \u00e0 12H, sous la haute autorit\u00e9 de son Excellence Monsieur le Pr\u00e9sident du CNRD, Pr\u00e9sident de la Transition, Chef de l\u2019Etat, Chef Supr\u00eame des Arm\u00e9es, le Colonel Mamadi [&hellip;]<\/p>\n","protected":false},"author":2,"featured_media":29282,"comment_status":"open","ping_status":"closed","sticky":false,"template":"","format":"standard","meta":{"buzzeditor_post_format":"","footnotes":""},"categories":[42],"tags":[],"class_list":["post-29281","post","type-post","status-publish","format-standard","has-post-thumbnail","hentry","category-news"],"jetpack_featured_media_url":"https:\/\/guineechrono.com\/wp-content\/uploads\/2022\/05\/nzere.webp","amp_enabled":true,"_links":{"self":[{"href":"https:\/\/guineechrono.com\/index.php\/wp-json\/wp\/v2\/posts\/29281","targetHints":{"allow":["GET"]}}],"collection":[{"href":"https:\/\/guineechrono.com\/index.php\/wp-json\/wp\/v2\/posts"}],"about":[{"href":"https:\/\/guineechrono.com\/index.php\/wp-json\/wp\/v2\/types\/post"}],"author":[{"embeddable":true,"href":"https:\/\/guineechrono.com\/index.php\/wp-json\/wp\/v2\/users\/2"}],"replies":[{"embeddable":true,"href":"https:\/\/guineechrono.com\/index.php\/wp-json\/wp\/v2\/comments?post=29281"}],"version-history":[{"count":0,"href":"https:\/\/guineechrono.com\/index.php\/wp-json\/wp\/v2\/posts\/29281\/revisions"}],"wp:featuredmedia":[{"embeddable":true,"href":"https:\/\/guineechrono.com\/index.php\/wp-json\/wp\/v2\/media\/29282"}],"wp:attachment":[{"href":"https:\/\/guineechrono.com\/index.php\/wp-json\/wp\/v2\/media?parent=29281"}],"wp:term":[{"taxonomy":"category","embeddable":true,"href":"https:\/\/guineechrono.com\/index.php\/wp-json\/wp\/v2\/categories?post=29281"},{"taxonomy":"post_tag","embeddable":true,"href":"https:\/\/guineechrono.com\/index.php\/wp-json\/wp\/v2\/tags?post=29281"}],"curies":[{"name":"wp","href":"https:\/\/api.w.org\/{rel}","templated":true}]}}