{"id":2931,"date":"2019-01-22T14:48:22","date_gmt":"2019-01-22T13:48:22","guid":{"rendered":"http:\/\/guineechrono.com\/?p=2931"},"modified":"2019-01-22T14:48:22","modified_gmt":"2019-01-22T13:48:22","slug":"presidence-de-la-ceni-me-salif-kebe-reelu-pour-5-ans","status":"publish","type":"post","link":"https:\/\/guineechrono.com\/index.php\/presidence-de-la-ceni-me-salif-kebe-reelu-pour-5-ans\/","title":{"rendered":"Pr\u00e9sidence de la CENI : Me Salif K\u00e9b\u00e9 r\u00e9\u00e9lu pour 5 ans"},"content":{"rendered":"<p><strong>Quelques heures seulement apr\u00e8s la prestation de serment ce lundi 21 janvier 2019, \u00e0 la Cour Constitutionnelle, les commissaires de la Commission \u00c9lectorale Nationale Ind\u00e9pendante (CENI) ont proc\u00e9d\u00e9\u00a0\u00a0\u00e0 l\u2019\u00e9lection du nouveau bureau ex\u00e9cutif de l\u2019institution.<\/strong><\/p>\n<p><strong>\u00a0Ce bureau \u00e9lu pour cinq ans est compos\u00e9 de cinq membres dont Ma\u00eetre Salifou kebe, ex-pr\u00e9sident r\u00e9\u00e9lu, Bakary Mansare 1er vice-pr\u00e9sident et Mamdou Bano Sow\u00a0\u00a0de l\u2019UFDG 2er vice-pr\u00e9sident.<\/strong>\u00a0Seraphine Kondiano et Youssou L\u00e9no ont \u00e9t\u00e9 \u00e9lus respectivement questeur et rapporteur.<\/p>\n<p>A rappeler\u00a0\u00a0que cette \u00e9lection a \u00e9t\u00e9 pr\u00e9sid\u00e9e par Mohamed Lamine Fofana, ministre conseiller \u00e0 la pr\u00e9sidence charg\u00e9 des relations avec les institutions.<\/p>\n<div class=\"yj6qo ajU\">\n<div id=\":14o\" class=\"ajR\" tabindex=\"0\" role=\"button\" aria-label=\"Masquer le contenu abr\u00e9g\u00e9\" aria-expanded=\"true\" data-tooltip=\"Masquer le contenu abr\u00e9g\u00e9\"><img decoding=\"async\" class=\"ajT\" src=\"https:\/\/ssl.gstatic.com\/ui\/v1\/icons\/mail\/images\/cleardot.gif\" \/><\/div>\n<\/div>\n<p><b>Aboubacar Pastoria Camara<\/b><\/p>\n<p>&nbsp;<\/p>\n","protected":false},"excerpt":{"rendered":"<p>Quelques heures seulement apr\u00e8s la prestation de serment ce lundi 21 janvier 2019, \u00e0 la Cour Constitutionnelle, les commissaires de la Commission \u00c9lectorale Nationale Ind\u00e9pendante (CENI) ont proc\u00e9d\u00e9\u00a0\u00a0\u00e0 l\u2019\u00e9lection du nouveau bureau ex\u00e9cutif de l\u2019institution. \u00a0Ce bureau \u00e9lu pour cinq ans est compos\u00e9 de cinq membres dont Ma\u00eetre Salifou kebe, ex-pr\u00e9sident r\u00e9\u00e9lu, Bakary Mansare 1er [&hellip;]<\/p>\n","protected":false},"author":2,"featured_media":2932,"comment_status":"open","ping_status":"closed","sticky":false,"template":"","format":"standard","meta":{"buzzeditor_post_format":"","footnotes":""},"categories":[1],"tags":[],"class_list":["post-2931","post","type-post","status-publish","format-standard","has-post-thumbnail","hentry","category-non-classe"],"jetpack_featured_media_url":"https:\/\/guineechrono.com\/wp-content\/uploads\/2019\/01\/CENI-1-1.jpg","amp_enabled":true,"_links":{"self":[{"href":"https:\/\/guineechrono.com\/index.php\/wp-json\/wp\/v2\/posts\/2931","targetHints":{"allow":["GET"]}}],"collection":[{"href":"https:\/\/guineechrono.com\/index.php\/wp-json\/wp\/v2\/posts"}],"about":[{"href":"https:\/\/guineechrono.com\/index.php\/wp-json\/wp\/v2\/types\/post"}],"author":[{"embeddable":true,"href":"https:\/\/guineechrono.com\/index.php\/wp-json\/wp\/v2\/users\/2"}],"replies":[{"embeddable":true,"href":"https:\/\/guineechrono.com\/index.php\/wp-json\/wp\/v2\/comments?post=2931"}],"version-history":[{"count":0,"href":"https:\/\/guineechrono.com\/index.php\/wp-json\/wp\/v2\/posts\/2931\/revisions"}],"wp:featuredmedia":[{"embeddable":true,"href":"https:\/\/guineechrono.com\/index.php\/wp-json\/wp\/v2\/media\/2932"}],"wp:attachment":[{"href":"https:\/\/guineechrono.com\/index.php\/wp-json\/wp\/v2\/media?parent=2931"}],"wp:term":[{"taxonomy":"category","embeddable":true,"href":"https:\/\/guineechrono.com\/index.php\/wp-json\/wp\/v2\/categories?post=2931"},{"taxonomy":"post_tag","embeddable":true,"href":"https:\/\/guineechrono.com\/index.php\/wp-json\/wp\/v2\/tags?post=2931"}],"curies":[{"name":"wp","href":"https:\/\/api.w.org\/{rel}","templated":true}]}}