{"id":2940,"date":"2019-01-24T20:11:36","date_gmt":"2019-01-24T19:11:36","guid":{"rendered":"http:\/\/guineechrono.com\/?p=2940"},"modified":"2020-05-19T16:34:38","modified_gmt":"2020-05-19T15:34:38","slug":"agression-70-les-victimes-de-camp-boiro-reclament-toujours-la-justice","status":"publish","type":"post","link":"https:\/\/guineechrono.com\/index.php\/agression-70-les-victimes-de-camp-boiro-reclament-toujours-la-justice\/","title":{"rendered":"Agression 70 : les victimes de camp Boiro r\u00e9clament toujours la justice"},"content":{"rendered":"<p><b>L\u2019Association des Victimes du Camp Boiro (AVCB) r\u00e9clame toujours la v\u00e9rit\u00e9 et la justice aux autorit\u00e9s guin\u00e9ennes contre les tueries du premier r\u00e9gime. Cette annonce a \u00e9t\u00e9 faite ce jeudi, 24 Janvier 2019 au cours d\u2019une conf\u00e9rence de presse anim\u00e9e \u00e0 Conakry par les membres de ladite association\u00a0 sous le th\u00e8me\u00a0<i>\u2018<\/i><em>\u2019Contribution des victimes du Camp Boiro \u00a0\u00e0 l\u2019accession du pays \u00e0 l\u2019Ind\u00e9pendance<\/em><i>\u2019\u2019.<\/i><\/b><\/p>\n<p>A l\u2019entame, Abdoulaye Cont\u00e9, membre de l\u2019AVCB a d\u00e9clar\u00e9 que \u00a0ces victimes ont \u00e9t\u00e9 trait\u00e9es de comploteurs par le \u00a0r\u00e9gime d\u2019Ahmed S\u00e9kou Tour\u00e9 et que, la seule accusation port\u00e9 contre les 88 pendus, \u00a0\u00e9tait que, ce sont eux qui ont port\u00e9 des armes pour tuer les guin\u00e9ens lors de cette agression.<\/p>\n<p>\u00ab\u00a0<em>Il y a eu plus de 80 complots en Guin\u00e9e. La vraie diff\u00e9rence entre ces cinq cent mille victimes et les 88 pendus, c\u2019est que les 80 pendus, ont \u00e9t\u00e9\u00a0 cherch\u00e9 chez \u00a0pour leurs accus\u00e9s d\u2019avoir particip\u00e9 ce complot. Si on les avait pris avec les fusils en mains contre les guin\u00e9ens, on aurait parl\u00e9 de diff\u00e9rence. Mais, ce n\u2019est pas le cas\u00a0\u00bb, rappelle-t-il.<\/em><\/p>\n<p><em>\u00a0<\/em><em>Poursuivant, il \u00a0a rappel\u00e9 que leurs \u00a0parents \u00a0qui ont \u00e9t\u00e9 les compagnons de S\u00e9kou Tour\u00e9, qui ont servi le pays, pour des raisons personnelles, \u00e9taient pass\u00e9s sous les pressions d\u2019ex\u00e9cution. \u00ab\u00a0En 84, il n\u2019y avait plus de compagnons de S\u00e9kou Tour\u00e9, il les avait tous ex\u00e9cut\u00e9. Les quatre pendus du pont 08 Novembre, qui \u00e9taient-ils\u00a0?\u00a0\u00bb S\u2019interroge-t-il.<\/em><\/p>\n<p>\u00c0 rappeler que cette conf\u00e9rence de presse \u00a0est tenue \u00a0en pr\u00e9lude de la comm\u00e9moration de l\u2019agression portugaise, le 25 janvier 1970.<\/p>\n<div class=\"yj6qo ajU\">\n<div id=\":64\" class=\"ajR\" tabindex=\"0\" role=\"button\" aria-label=\"Masquer le contenu abr\u00e9g\u00e9\" aria-expanded=\"true\" data-tooltip=\"Masquer le contenu abr\u00e9g\u00e9\"><\/div>\n<\/div>\n<p><b>Aboubacar Pastoria Camara<\/b><\/p>\n<p>&nbsp;<\/p>\n","protected":false},"excerpt":{"rendered":"<p>L\u2019Association des Victimes du Camp Boiro (AVCB) r\u00e9clame toujours la v\u00e9rit\u00e9 et la justice aux autorit\u00e9s guin\u00e9ennes contre les tueries du premier r\u00e9gime. Cette annonce a \u00e9t\u00e9 faite ce jeudi, 24 Janvier 2019 au cours d\u2019une conf\u00e9rence de presse anim\u00e9e \u00e0 Conakry par les membres de ladite association\u00a0 sous le th\u00e8me\u00a0\u2018\u2019Contribution des victimes du Camp [&hellip;]<\/p>\n","protected":false},"author":2,"featured_media":2941,"comment_status":"open","ping_status":"closed","sticky":false,"template":"","format":"standard","meta":{"buzzeditor_post_format":"","footnotes":""},"categories":[1,43],"tags":[],"class_list":["post-2940","post","type-post","status-publish","format-standard","has-post-thumbnail","hentry","category-non-classe","category-politique"],"jetpack_featured_media_url":"https:\/\/guineechrono.com\/wp-content\/uploads\/2019\/01\/70.jpg","amp_enabled":true,"_links":{"self":[{"href":"https:\/\/guineechrono.com\/index.php\/wp-json\/wp\/v2\/posts\/2940","targetHints":{"allow":["GET"]}}],"collection":[{"href":"https:\/\/guineechrono.com\/index.php\/wp-json\/wp\/v2\/posts"}],"about":[{"href":"https:\/\/guineechrono.com\/index.php\/wp-json\/wp\/v2\/types\/post"}],"author":[{"embeddable":true,"href":"https:\/\/guineechrono.com\/index.php\/wp-json\/wp\/v2\/users\/2"}],"replies":[{"embeddable":true,"href":"https:\/\/guineechrono.com\/index.php\/wp-json\/wp\/v2\/comments?post=2940"}],"version-history":[{"count":0,"href":"https:\/\/guineechrono.com\/index.php\/wp-json\/wp\/v2\/posts\/2940\/revisions"}],"wp:featuredmedia":[{"embeddable":true,"href":"https:\/\/guineechrono.com\/index.php\/wp-json\/wp\/v2\/media\/2941"}],"wp:attachment":[{"href":"https:\/\/guineechrono.com\/index.php\/wp-json\/wp\/v2\/media?parent=2940"}],"wp:term":[{"taxonomy":"category","embeddable":true,"href":"https:\/\/guineechrono.com\/index.php\/wp-json\/wp\/v2\/categories?post=2940"},{"taxonomy":"post_tag","embeddable":true,"href":"https:\/\/guineechrono.com\/index.php\/wp-json\/wp\/v2\/tags?post=2940"}],"curies":[{"name":"wp","href":"https:\/\/api.w.org\/{rel}","templated":true}]}}