{"id":2946,"date":"2019-01-24T20:42:30","date_gmt":"2019-01-24T19:42:30","guid":{"rendered":"http:\/\/guineechrono.com\/?p=2946"},"modified":"2019-01-24T20:42:30","modified_gmt":"2019-01-24T19:42:30","slug":"conakry-fin-des-travaux-de-latelier-sur-limmigration-irreguliere","status":"publish","type":"post","link":"https:\/\/guineechrono.com\/index.php\/conakry-fin-des-travaux-de-latelier-sur-limmigration-irreguliere\/","title":{"rendered":"Conakry : fin des travaux de  l\u2019atelier sur l\u2019immigration irr\u00e9guli\u00e8re"},"content":{"rendered":"<div class=\"gs\">\n<div class=\"\">\n<div id=\":4k\" class=\"ii gt\">\n<div id=\":4r\" class=\"a3s aXjCH \">Lanc\u00e9s le 22 janvier 2019, les travaux de l\u2019atelier sur l\u2019immigration irr\u00e9guli\u00e8re ont pris fin ce mercredi ,23 janvier 2019 \u00e0 Conakry. Cet atelier\u00a0 avait pour objectif de rechercher des voies et moyens pour freiner le ph\u00e9nom\u00e8ne migratoire qui a\u00a0 endeuill\u00e9\u00a0 plusieurs familles<br \/>\nafricaines. Pour cela, le minist\u00e8re des affaires \u00e9trang\u00e8res et des Guin\u00e9ens de l\u2019\u00e9tranger en collaboration avec l\u2019ambassade d\u2019Italie a organis\u00e9 cette rencontre d\u2019\u00e9change.<\/p>\n<p>Au terme de ces deux jours d\u2019\u00e9change, Mamadou Saitiou Barry, Directeur G\u00e9n\u00e9ral adjoint du minist\u00e8re des affaires \u00e9trang\u00e8res et des guin\u00e9ens de l\u2019\u00e9tranger, a exprim\u00e9 son sentiment dans une interview accord\u00e9e \u00e0 notre r\u00e9daction.<br \/>\nSelon les partenaires ont voulu \u00e0 travers cette rencontre, d\u2019inviter l\u2019ensemble des acteurs intervenants dans la lutte contre la migration clandestine notamment des d\u00e9partements sectoriels, des \u2018ONG et autres pour partager l\u2019exp\u00e9rience et montrer que la migration irr\u00e9guli\u00e8re doit \u00eatre combattu.<br \/>\nPoursuivant, il a indiqu\u00e9 que chaque jeune guin\u00e9en doit savoir qu\u2019on peut avoir des initiatives qui pourraient \u00eatre accompagn\u00e9 par l\u2019\u00c9tat et par les partenaires afin de mettre fin \u00e0 la migration irr\u00e9guli\u00e8re.<br \/>\n\u00ab Nous voulons\u00a0 montrer que la jeunesse peut faire des innovations, cr\u00e9er et faire en sorte que ces innovations s\u2019effectuent \u00e0 travers des associations et groupements \u00bb, dit-il.<br \/>\nConcernant les solutions concr\u00e8tes pour mettre fin a ce fl\u00e9au, le repr\u00e9sentant du minist\u00e8re des affaires \u00e9trang\u00e8res a \u00e9num\u00e9rer un certain nombre projets en cours d\u2019ex\u00e9cution. \u00ab\u00a0 Nous sommes entrain de faire des sensibilisations au niveau de toutes les zones de d\u00e9part<br \/>\nmassif et installer des bureaux d\u2019accueil et d\u2019orientation au niveau des a\u00e9roports et des fronti\u00e8res de d\u00e9part massive. Nous sommes entrain de sensibiliser, faire des conf\u00e9rences d\u2019information, aller vers les centres culturels, impliquer la ligue Islamique afin que chacun en ce qui le concerne puisse informer les jeunes sur les m\u00e9faits de la migration irr\u00e9guli\u00e8re.<\/p>\n<p>Pour sa part, livio Spadavecchia, ambassadeur d\u2019Italie en guin\u00e9e a promis que son institution est pr\u00eate \u00e0 accompagner ces initiatives qui vont dans le sens direct de sa mission.<\/p>\n<div class=\"yj6qo ajU\">\n<div id=\":t9\" class=\"ajR\" tabindex=\"0\" role=\"button\" aria-label=\"Masquer le contenu abr\u00e9g\u00e9\" aria-expanded=\"true\" data-tooltip=\"Masquer le contenu abr\u00e9g\u00e9\"><img decoding=\"async\" class=\"ajT\" src=\"https:\/\/ssl.gstatic.com\/ui\/v1\/icons\/mail\/images\/cleardot.gif\" \/><\/div>\n<\/div>\n<p><span class=\"HOEnZb adL\"><span style=\"color: #888888;\"><strong>Aboubacar Pastoria Camara<\/strong><br \/>\n<\/span><\/span><\/div>\n<\/div>\n<div id=\":t2\" class=\"hq gt a10\">\n<div class=\"hp\"><\/div>\n<div class=\"a3I\"><\/div>\n<div id=\":t5\"><\/div>\n<div id=\":t4\" class=\"aQH\">\n<div class=\"aZK\"><\/div>\n<\/div>\n<\/div>\n<div class=\"hi\"><\/div>\n<\/div>\n<\/div>\n","protected":false},"excerpt":{"rendered":"<p>Lanc\u00e9s le 22 janvier 2019, les travaux de l\u2019atelier sur l\u2019immigration irr\u00e9guli\u00e8re ont pris fin ce mercredi ,23 janvier 2019 \u00e0 Conakry. Cet atelier\u00a0 avait pour objectif de rechercher des voies et moyens pour freiner le ph\u00e9nom\u00e8ne migratoire qui a\u00a0 endeuill\u00e9\u00a0 plusieurs familles africaines. Pour cela, le minist\u00e8re des affaires \u00e9trang\u00e8res et des Guin\u00e9ens de [&hellip;]<\/p>\n","protected":false},"author":2,"featured_media":2947,"comment_status":"open","ping_status":"closed","sticky":false,"template":"","format":"standard","meta":{"buzzeditor_post_format":"","footnotes":""},"categories":[1],"tags":[],"class_list":["post-2946","post","type-post","status-publish","format-standard","has-post-thumbnail","hentry","category-non-classe"],"jetpack_featured_media_url":"https:\/\/guineechrono.com\/wp-content\/uploads\/2019\/01\/formation.jpg","amp_enabled":true,"_links":{"self":[{"href":"https:\/\/guineechrono.com\/index.php\/wp-json\/wp\/v2\/posts\/2946","targetHints":{"allow":["GET"]}}],"collection":[{"href":"https:\/\/guineechrono.com\/index.php\/wp-json\/wp\/v2\/posts"}],"about":[{"href":"https:\/\/guineechrono.com\/index.php\/wp-json\/wp\/v2\/types\/post"}],"author":[{"embeddable":true,"href":"https:\/\/guineechrono.com\/index.php\/wp-json\/wp\/v2\/users\/2"}],"replies":[{"embeddable":true,"href":"https:\/\/guineechrono.com\/index.php\/wp-json\/wp\/v2\/comments?post=2946"}],"version-history":[{"count":0,"href":"https:\/\/guineechrono.com\/index.php\/wp-json\/wp\/v2\/posts\/2946\/revisions"}],"wp:featuredmedia":[{"embeddable":true,"href":"https:\/\/guineechrono.com\/index.php\/wp-json\/wp\/v2\/media\/2947"}],"wp:attachment":[{"href":"https:\/\/guineechrono.com\/index.php\/wp-json\/wp\/v2\/media?parent=2946"}],"wp:term":[{"taxonomy":"category","embeddable":true,"href":"https:\/\/guineechrono.com\/index.php\/wp-json\/wp\/v2\/categories?post=2946"},{"taxonomy":"post_tag","embeddable":true,"href":"https:\/\/guineechrono.com\/index.php\/wp-json\/wp\/v2\/tags?post=2946"}],"curies":[{"name":"wp","href":"https:\/\/api.w.org\/{rel}","templated":true}]}}