{"id":29480,"date":"2022-06-07T17:49:07","date_gmt":"2022-06-07T16:49:07","guid":{"rendered":"https:\/\/guineechrono.com\/?p=29480"},"modified":"2022-06-07T17:49:07","modified_gmt":"2022-06-07T16:49:07","slug":"gueckedou-commandant-alya-camara-arrete","status":"publish","type":"post","link":"https:\/\/guineechrono.com\/index.php\/gueckedou-commandant-alya-camara-arrete\/","title":{"rendered":"Gu\u00e9ck\u00e9dou : Commandant Alya Camara arr\u00eat\u00e9"},"content":{"rendered":"<p><strong>On n\u2019en sait pas trop sur cette affaire. Mais, selon une source s\u00fbre, l\u2019ex-Commandant des op\u00e9rations du groupement des forces sp\u00e9ciales aurait \u00e9t\u00e9 arr\u00eat\u00e9 dans la nuit du Lundi 06 juin 2022 \u00e0 Gu\u00e9ck\u00e9dou et conduit \u00e0 Conakry.<\/strong><\/p>\n<p>Cette arrestation est survenue quelques heures seulement apr\u00e8s un communiqu\u00e9 du chef d\u2019\u00e9tat de l\u2019arm\u00e9e en disant ceci\u00a0: \u00ab\u00a0Tout militaire appr\u00e9hend\u00e9 en d\u00e9placement hors de son unit\u00e9 sans autorisation sera imm\u00e9diatement interpell\u00e9 et mis \u00e0 la disposition de la brigade de recherche de la gendarmerie pour des faits d\u2019enqu\u00eates\u00a0\u00bb.<\/p>\n<p>Pour le moment aucune communication officielle n\u2019a \u00e9t\u00e9 faite de la part des autorit\u00e9s du pays.<\/p>\n<p>Pour rappel, Commandant Alya Camara a \u00e9t\u00e9 mut\u00e9 \u00e0 Gu\u00e9ckedou, apr\u00e8s sa sortie de prison, il y a de cela quelques semaines.<\/p>\n<p>Il faut signaler que le Commandant Alya Camara a \u00e9t\u00e9 accus\u00e9 de vol dans le palais S\u00e9khoutour\u00e9ya lors des op\u00e9rations du coup d\u2019Etat du 5 septembre dernier.<\/p>\n<p>Nous y reviendrons\u00a0!<\/p>\n<p><strong>R\u00e9daction \u00a0<\/strong><\/p>\n","protected":false},"excerpt":{"rendered":"<p>On n\u2019en sait pas trop sur cette affaire. Mais, selon une source s\u00fbre, l\u2019ex-Commandant des op\u00e9rations du groupement des forces sp\u00e9ciales aurait \u00e9t\u00e9 arr\u00eat\u00e9 dans la nuit du Lundi 06 juin 2022 \u00e0 Gu\u00e9ck\u00e9dou et conduit \u00e0 Conakry. Cette arrestation est survenue quelques heures seulement apr\u00e8s un communiqu\u00e9 du chef d\u2019\u00e9tat de l\u2019arm\u00e9e en disant [&hellip;]<\/p>\n","protected":false},"author":2,"featured_media":29481,"comment_status":"open","ping_status":"closed","sticky":false,"template":"","format":"standard","meta":{"buzzeditor_post_format":"","footnotes":""},"categories":[42],"tags":[],"class_list":["post-29480","post","type-post","status-publish","format-standard","has-post-thumbnail","hentry","category-news"],"jetpack_featured_media_url":"https:\/\/guineechrono.com\/wp-content\/uploads\/2022\/06\/alyaa.jpg","amp_enabled":true,"_links":{"self":[{"href":"https:\/\/guineechrono.com\/index.php\/wp-json\/wp\/v2\/posts\/29480","targetHints":{"allow":["GET"]}}],"collection":[{"href":"https:\/\/guineechrono.com\/index.php\/wp-json\/wp\/v2\/posts"}],"about":[{"href":"https:\/\/guineechrono.com\/index.php\/wp-json\/wp\/v2\/types\/post"}],"author":[{"embeddable":true,"href":"https:\/\/guineechrono.com\/index.php\/wp-json\/wp\/v2\/users\/2"}],"replies":[{"embeddable":true,"href":"https:\/\/guineechrono.com\/index.php\/wp-json\/wp\/v2\/comments?post=29480"}],"version-history":[{"count":0,"href":"https:\/\/guineechrono.com\/index.php\/wp-json\/wp\/v2\/posts\/29480\/revisions"}],"wp:featuredmedia":[{"embeddable":true,"href":"https:\/\/guineechrono.com\/index.php\/wp-json\/wp\/v2\/media\/29481"}],"wp:attachment":[{"href":"https:\/\/guineechrono.com\/index.php\/wp-json\/wp\/v2\/media?parent=29480"}],"wp:term":[{"taxonomy":"category","embeddable":true,"href":"https:\/\/guineechrono.com\/index.php\/wp-json\/wp\/v2\/categories?post=29480"},{"taxonomy":"post_tag","embeddable":true,"href":"https:\/\/guineechrono.com\/index.php\/wp-json\/wp\/v2\/tags?post=29480"}],"curies":[{"name":"wp","href":"https:\/\/api.w.org\/{rel}","templated":true}]}}