{"id":2958,"date":"2019-01-26T20:08:14","date_gmt":"2019-01-26T19:08:14","guid":{"rendered":"http:\/\/guineechrono.com\/?p=2958"},"modified":"2019-01-26T20:08:14","modified_gmt":"2019-01-26T19:08:14","slug":"assainissement-moustapha-naite-se-rejoui-de-lengouement-de-loperation-ville-propre","status":"publish","type":"post","link":"https:\/\/guineechrono.com\/index.php\/assainissement-moustapha-naite-se-rejoui-de-lengouement-de-loperation-ville-propre\/","title":{"rendered":"Assainissement : Moustapha Na\u00eft\u00e9 se r\u00e9joui de l\u2019engouement de \u00ab l\u2019op\u00e9ration ville propre \u00bb"},"content":{"rendered":"<p><strong>Comme chaque dernier samedi de chaque mois, l\u2019op\u00e9ration d\u2019assainissement de la ville de Conakry,\u00a0 a eu lieu le samedi 26 janvier 2019. Le ministre des Travaux Publics, un des artisans de ce projet, a pilot\u00e9 l\u2019op\u00e9ration dans plusieurs quartiers de la capitale, avant de vanter les m\u00e9rites de cette initiative gouvernementale.<\/strong><\/p>\n<p>Depuis 6 heures du matin Moustapha Na\u00eft\u00e9 \u00e9tait sur pied dans les differents quartier de la capitale \u00e0 savoir\u00a0: le carrefour Donka, avant de revenir \u00e0 Dabondy, puis au camp Carrefour et Bamb\u00e9to (Ratoma) via Yimbaya et Entag. Partout o\u00f9 le ministre est pass\u00e9, outre la supervision, il encourageait les nombreux jeunes qui sont sortis pour participer \u00e0 cette action citoyenne d\u2019assainissement de la ville de Conakry.<\/p>\n<p>Dans son intervention, Mohamed Lamine Cond\u00e9, coordinateur des op\u00e9rations d\u2019assainissement de la ville de Conakry, a dit que pour la journ\u00e9e de ce samedi, six \u00e9quipes de travail ont \u00e9t\u00e9 constitu\u00e9es. \u00ab On a reparti en tout 28 camions sur la ville de Conakry. \u00c7a, c\u2019est en dehors des bennes casseuses qui font les trajets habituels. Donc, les 28 camions qu\u2019on a d\u00e9ploy\u00e9s, on a une \u00e9quipe qui a travaill\u00e9 sur la route Le Prince, une \u00e9quipe qui \u00e9tait \u00e0 Yattayah-Fossid\u00e8, une \u00e9quipe \u00e0 Entag, une \u00e9quipe \u00e0 Kaloum et une \u00e9quipe qui \u00e9tait \u00e0 la mosqu\u00e9e Turque, mais qui \u00e9volue maintenant vers Gbessia. (\u2026) Vous allez voir que des jalons sont pos\u00e9s. Au jour d\u2019aujourd\u2019hui, l\u2019appel d\u2019offres par rapport \u00e0 la professionnalisation des d\u00e9chets pour le recrutement d\u2019un op\u00e9rateur priv\u00e9, dont l\u2019ouverture a eu lieu le 22 janvier, la commission travaille d\u2019arrache-pied. J\u2019esp\u00e8re qu\u2019avant le 2\u00e8me semestre de l\u2019ann\u00e9e 2019, vous allez voir un op\u00e9rateur priv\u00e9 qui va travailler en connivence avec les PME pour assurer une gestion saine des d\u00e9chets au niveau de la ville de Conakry \u00bb, a-t-il expliqu\u00e9.<\/p>\n<p>De son c\u00f4t\u00e9, le ministre des Travaux Publics, Moustapha Na\u00eft\u00e9, s\u2019est r\u00e9joui de l\u2019engouement que cette op\u00e9ration a aupr\u00e8s des citoyens de la ville de Conakry. Pour le ministre, il est toujours important de rappeler que \u00ab cette op\u00e9ration d\u2019action citoyenne est une action civique. C\u2019est une journ\u00e9e o\u00f9 nous avons souhait\u00e9 que les uns et les autres s\u2019impliquent dans l\u2019assainissement de notre capitale, Conakry. Et, c\u2019est une journ\u00e9e qui n\u2019est pas destin\u00e9e \u00e0 \u00eatre une journ\u00e9e qui va d\u00e9barrasser Conakry de toutes les insalubrit\u00e9s que nous avons. C\u2019est une journ\u00e9e qui est l\u00e0 pour plut\u00f4t d\u00e9montrer l\u2019action citoyenne, pour avoir un moment citoyen, pour que les uns et les autres s\u2019impliquent dans la vie de leur communaut\u00e9 loin de nos penchants politiques. C\u2019est la septi\u00e8me journ\u00e9e aujourd\u2019hui, et je constate qu\u2019au fur et mesure, la participation devient encore de plus en plus int\u00e9ressant, de plus en plus effective dans les diff\u00e9rentes communes \u00bb.<\/p>\n<p>Pour le ministre Na\u00eft\u00e9, cette op\u00e9ration a des acquis qui sont salu\u00e9s pour tout le monde. \u00ab Les acquis, c\u2019est de relever le d\u00e9fi de la participation qui est en train de se faire peu \u00e0 peu dans les diff\u00e9rentes communes. C\u2019est aussi la conscientisation des uns et des autres pour comprendre que la question de l\u2019assainissement, cette journ\u00e9e permet aujourd\u2019hui d\u2019impliquer davantage les citoyens dans leurs communes, de comprendre que cette journ\u00e9e loin d\u2019\u00eatre une obligation, doit \u00eatre un moment citoyen pour que les uns et les autres s\u2019engagent dans leur communaut\u00e9. Vous savez, c\u2019est toujours important de dire que j\u2019ai balay\u00e9 devant ma porte avant d\u2019interpeller l\u2019Etat ou les autres \u00e0 leur responsabilit\u00e9, que chacun de nous ait fait ce qu\u2019il doit quand-m\u00eame faire \u00e0 partir de l\u00e0 o\u00f9 il vit. Donc, moi je suis tr\u00e8s heureux\u2026 \u00bb<\/p>\n<p>Selon nos informations, Conakry produit 1200 \u00e0 1300 tonnes de d\u00e9chets par jours. Autant dire que le d\u00e9fi est immense pour le gouvernement.<\/p>\n<p><strong>Cherif Djiba Sano<\/strong><\/p>\n","protected":false},"excerpt":{"rendered":"<p>Comme chaque dernier samedi de chaque mois, l\u2019op\u00e9ration d\u2019assainissement de la ville de Conakry,\u00a0 a eu lieu le samedi 26 janvier 2019. Le ministre des Travaux Publics, un des artisans de ce projet, a pilot\u00e9 l\u2019op\u00e9ration dans plusieurs quartiers de la capitale, avant de vanter les m\u00e9rites de cette initiative gouvernementale. Depuis 6 heures du [&hellip;]<\/p>\n","protected":false},"author":2,"featured_media":2960,"comment_status":"open","ping_status":"closed","sticky":false,"template":"","format":"standard","meta":{"buzzeditor_post_format":"","footnotes":""},"categories":[1],"tags":[],"class_list":["post-2958","post","type-post","status-publish","format-standard","has-post-thumbnail","hentry","category-non-classe"],"jetpack_featured_media_url":"https:\/\/guineechrono.com\/wp-content\/uploads\/2019\/01\/Na\u00eet\u00e9-1.jpg","amp_enabled":true,"_links":{"self":[{"href":"https:\/\/guineechrono.com\/index.php\/wp-json\/wp\/v2\/posts\/2958","targetHints":{"allow":["GET"]}}],"collection":[{"href":"https:\/\/guineechrono.com\/index.php\/wp-json\/wp\/v2\/posts"}],"about":[{"href":"https:\/\/guineechrono.com\/index.php\/wp-json\/wp\/v2\/types\/post"}],"author":[{"embeddable":true,"href":"https:\/\/guineechrono.com\/index.php\/wp-json\/wp\/v2\/users\/2"}],"replies":[{"embeddable":true,"href":"https:\/\/guineechrono.com\/index.php\/wp-json\/wp\/v2\/comments?post=2958"}],"version-history":[{"count":0,"href":"https:\/\/guineechrono.com\/index.php\/wp-json\/wp\/v2\/posts\/2958\/revisions"}],"wp:featuredmedia":[{"embeddable":true,"href":"https:\/\/guineechrono.com\/index.php\/wp-json\/wp\/v2\/media\/2960"}],"wp:attachment":[{"href":"https:\/\/guineechrono.com\/index.php\/wp-json\/wp\/v2\/media?parent=2958"}],"wp:term":[{"taxonomy":"category","embeddable":true,"href":"https:\/\/guineechrono.com\/index.php\/wp-json\/wp\/v2\/categories?post=2958"},{"taxonomy":"post_tag","embeddable":true,"href":"https:\/\/guineechrono.com\/index.php\/wp-json\/wp\/v2\/tags?post=2958"}],"curies":[{"name":"wp","href":"https:\/\/api.w.org\/{rel}","templated":true}]}}