{"id":2962,"date":"2019-01-26T20:18:45","date_gmt":"2019-01-26T19:18:45","guid":{"rendered":"http:\/\/guineechrono.com\/?p=2962"},"modified":"2020-05-19T16:34:06","modified_gmt":"2020-05-19T15:34:06","slug":"ag-de-lufr-lhonorable-ibrahima-bangoura-un-eventuel-troisieme-mandat-pour-le-president-cela-nest-pas-possible","status":"publish","type":"post","link":"https:\/\/guineechrono.com\/index.php\/ag-de-lufr-lhonorable-ibrahima-bangoura-un-eventuel-troisieme-mandat-pour-le-president-cela-nest-pas-possible\/","title":{"rendered":"AG de l\u2019UFR : L\u2019honorable Ibrahima Bangoura : \u00ab Un \u00e9ventuel troisi\u00e8me mandat pour le pr\u00e9sident\u2026, cela n\u2019est pas possible\u2026 \u00bb"},"content":{"rendered":"<p><strong>L\u2019Union des Forces R\u00e9publicaines (UFR) a tenu son assembl\u00e9e g\u00e9n\u00e9rale hebdomadaire le samedi, 26 janvier 2019, \u00e0 son si\u00e8ge \u00e0 Matam. Les d\u00e9bats ont port\u00e9 sur la restructuration du parti, la prorogation du mandat des d\u00e9put\u00e9s, mais aussi sur la campagne d\u2019assainissement lanc\u00e9e par le gouvernement.<\/strong><\/p>\n<p>A l\u2019absence du pr\u00e9sident Sidya Tour\u00e9, qui prend part au congr\u00e8s du RHDP (Rassemblement des Houphou\u00e9tistes pour la D\u00e9mocratie et la Paix) \u00e0 Abidjan, c\u2019est l\u2019honorable Ibrahima Bangoura qui a pr\u00e9sid\u00e9 la s\u00e9ance.<\/p>\n<p>Dans son intervention, l\u2019honorable Ibrahima Bangoura a tout affirm\u00e9 que la restructuration de l\u2019Union des Forces R\u00e9publicaines (UFR) est l\u2019une des questions r\u00e9guli\u00e8rement \u00e9voqu\u00e9e \u00e0 l\u2019occasion des assembl\u00e9es g\u00e9n\u00e9rales hebdomadaires. Selon le vice-pr\u00e9sident du parti, \u00ab nous sommes sur la restructuration depuis un certain temps, cela fait quatre mois. Compte tenu des \u00e9ch\u00e9ances \u00e9lectorales que nous avons, les l\u00e9gislatives et la pr\u00e9sidentielle, nous avons estim\u00e9 que si la restructuration n\u2019est pas bien faite, cela ne sera pas profitable pour le parti. Donc, nous avons pos\u00e9 ce probl\u00e8me, nous avons demand\u00e9 aux responsables non seulement de bien faire cette restructuration mais aussi de l\u2019acc\u00e9l\u00e9rer pour que nous commencions tout de suite \u00e0 faire fonctionner les nouvelles structures mises en place. Parce que les \u00e9lections, c\u2019est pour bient\u00f4t \u00bb, a-t-il pr\u00e9cis\u00e9.<\/p>\n<p>En ce qui concerne la position de l\u2019UFR par rapport \u00e0 la prorogation du mandat des d\u00e9put\u00e9s \u00e0 l\u2019Assembl\u00e9e nationale, Ibrahima Bangoura a laiss\u00e9 entendre que \u00ab la position du parti n\u2019est pas encore d\u00e9termin\u00e9e, compte tenu du fait qu\u2019on ne s\u2019est pas encore r\u00e9uni en bureau politique pour cela. Je pense que cette position sera d\u00e9termin\u00e9e prochainement \u00bb.<\/p>\n<p>Pour finir, le vice-pr\u00e9sident de l\u2019UFR soutient que la prorogation du mandat des d\u00e9put\u00e9s ne pourra pas cr\u00e9er un glissement du calendrier de la tenue des \u00e9lections pr\u00e9sidentielles. Car, dit-il, \u00ab les \u00e9lections pr\u00e9sidentielles auront obligatoirement lieu en 2020 et il n\u2019y aura aucun glissement. S\u2019agissant d\u2019un \u00e9ventuel troisi\u00e8me mandat pour un pr\u00e9sident de la R\u00e9publique en Guin\u00e9e qui effectu\u00e9 deux mandats, cela n\u2019est pas possible. Qu\u2019il s\u2019agisse de la r\u00e9vision de la Constitution ou qu\u2019il s\u2019agisse d\u2019une nouvelle Constitution qu\u2019on voudrait faire voter par r\u00e9f\u00e9rendum \u00bb.<\/p>\n<p><strong>Une Synth\u00e8se de <\/strong><\/p>\n<p><strong>Cherif Djiba Sano<\/strong><\/p>\n","protected":false},"excerpt":{"rendered":"<p>L\u2019Union des Forces R\u00e9publicaines (UFR) a tenu son assembl\u00e9e g\u00e9n\u00e9rale hebdomadaire le samedi, 26 janvier 2019, \u00e0 son si\u00e8ge \u00e0 Matam. Les d\u00e9bats ont port\u00e9 sur la restructuration du parti, la prorogation du mandat des d\u00e9put\u00e9s, mais aussi sur la campagne d\u2019assainissement lanc\u00e9e par le gouvernement. A l\u2019absence du pr\u00e9sident Sidya Tour\u00e9, qui prend part [&hellip;]<\/p>\n","protected":false},"author":2,"featured_media":2963,"comment_status":"open","ping_status":"closed","sticky":false,"template":"","format":"standard","meta":{"buzzeditor_post_format":"","footnotes":""},"categories":[42,1],"tags":[],"class_list":["post-2962","post","type-post","status-publish","format-standard","has-post-thumbnail","hentry","category-news","category-non-classe"],"jetpack_featured_media_url":"https:\/\/guineechrono.com\/wp-content\/uploads\/2019\/01\/Ibrahima-Bangoura-300x190.jpg","amp_enabled":true,"_links":{"self":[{"href":"https:\/\/guineechrono.com\/index.php\/wp-json\/wp\/v2\/posts\/2962","targetHints":{"allow":["GET"]}}],"collection":[{"href":"https:\/\/guineechrono.com\/index.php\/wp-json\/wp\/v2\/posts"}],"about":[{"href":"https:\/\/guineechrono.com\/index.php\/wp-json\/wp\/v2\/types\/post"}],"author":[{"embeddable":true,"href":"https:\/\/guineechrono.com\/index.php\/wp-json\/wp\/v2\/users\/2"}],"replies":[{"embeddable":true,"href":"https:\/\/guineechrono.com\/index.php\/wp-json\/wp\/v2\/comments?post=2962"}],"version-history":[{"count":0,"href":"https:\/\/guineechrono.com\/index.php\/wp-json\/wp\/v2\/posts\/2962\/revisions"}],"wp:featuredmedia":[{"embeddable":true,"href":"https:\/\/guineechrono.com\/index.php\/wp-json\/wp\/v2\/media\/2963"}],"wp:attachment":[{"href":"https:\/\/guineechrono.com\/index.php\/wp-json\/wp\/v2\/media?parent=2962"}],"wp:term":[{"taxonomy":"category","embeddable":true,"href":"https:\/\/guineechrono.com\/index.php\/wp-json\/wp\/v2\/categories?post=2962"},{"taxonomy":"post_tag","embeddable":true,"href":"https:\/\/guineechrono.com\/index.php\/wp-json\/wp\/v2\/tags?post=2962"}],"curies":[{"name":"wp","href":"https:\/\/api.w.org\/{rel}","templated":true}]}}