{"id":2971,"date":"2019-01-29T17:36:41","date_gmt":"2019-01-29T16:36:41","guid":{"rendered":"http:\/\/guineechrono.com\/?p=2971"},"modified":"2019-01-29T17:36:41","modified_gmt":"2019-01-29T16:36:41","slug":"face-a-la-presse-mariama-soguipah-magnifie-les-acquis-dans-le-domaine-agricole","status":"publish","type":"post","link":"https:\/\/guineechrono.com\/index.php\/face-a-la-presse-mariama-soguipah-magnifie-les-acquis-dans-le-domaine-agricole\/","title":{"rendered":"Face \u00e0 la presse : Mariama Soguipah magnifie les acquis dans le domaine agricole"},"content":{"rendered":"<p><b>Comme pr\u00e9vu\u00a0 par le pr\u00e9sident de la r\u00e9publique, la ministre de l\u2019agriculture, \u00a0Mariam soguipah \u00a0Camara \u00e0 pr\u00e9sent\u00e9\u00a0 les actions entreprises dans le domaine de l\u2019agriculture par le gouvernement guin\u00e9en depuis l\u2019accession d\u2019Alpha Cond\u00e9 au pouvoir. Elle l\u2019a fait au cours d\u2019une conf\u00e9rence de presse anim\u00e9e ce lundi, 28 janvier 2019 dans un r\u00e9ceptif h\u00f4telier de la place.<\/b><\/p>\n<p>Dans sa communication, la patronne de l\u2019agriculture a pr\u00e9cis\u00e9 que le Gouvernement Guin\u00e9en a plac\u00e9 le secteur de l\u2019agriculture au centre de ses priorit\u00e9s de d\u00e9veloppement afin d\u2019atteindre ses objectifs\u00a0 de s\u00e9curit\u00e9 alimentaire et de transformation \u00e9conomique du pays.<\/p>\n<p>Selon elle,\u00a0<em>en 2011, le Pr\u00e9sident de la R\u00e9publique, a affich\u00e9 sa \u00a0volont\u00e9 politique de soutien \u00e0 l\u2019agriculture, \u00e0 travers de nombreuses initiatives \u00e0 la suite de sa premi\u00e8re rencontre avec le monde paysan \u00e0 la Case de Bellevue.<\/em>\u00a0<em>\u00ab\u00a0Le pacte entre le Chef de l\u2019Etat et les paysans qui s\u2019est consolid\u00e9 et renouvel\u00e9 pendant les diff\u00e9rentes journ\u00e9es paysannes a permis de concr\u00e9tiser l\u2019id\u00e9e de \u00a0\u2018\u2019consommer ce que produisons et produisons ce que consommons\u2019\u2019 \u00e0 travers les cultures vivri\u00e8res, la diversification les productions, la valorisation des cultures de rente et entamer la modernisation de l\u2019agriculture guin\u00e9enne\u00a0<\/em>\u00bb, d\u00e9clare-t-elle.<\/p>\n<p>Concernant des produits et \u00e9quipements phytosanitaires, a rappel\u00e9 que<strong>\u00a0<\/strong><em>jusqu\u2019en 2010, les quantit\u00e9s de produits fournis ne d\u00e9passaient pas 20\u00a0000 litres par an, et les \u00e9quipements de traitement atteignaient \u00e0 peine 100 unit\u00e9s par an. \u00ab\u00a0Les quantit\u00e9s de semences am\u00e9lior\u00e9es de riz n\u2019atteignaient pas 1000 tonnes. Les centres de recherche, de vulgarisation et les centres de conditionnement de semences n\u2019avaient pas de ressources financi\u00e8res suffisantes pour mener les activit\u00e9s de terrain, notamment de production de semences et d\u2019appui conseil. Leurs budgets de fonctionnement d\u00e9passaient \u00e0 peine 250 millions par an<\/em><i>\u00a0<\/i>\u00bb, pr\u00e9cise-t-elle<i>.<\/i><\/p>\n<p><b>Aboubacar Pastoria Camara<\/b><\/p>\n<p>&nbsp;<\/p>\n","protected":false},"excerpt":{"rendered":"<p>Comme pr\u00e9vu\u00a0 par le pr\u00e9sident de la r\u00e9publique, la ministre de l\u2019agriculture, \u00a0Mariam soguipah \u00a0Camara \u00e0 pr\u00e9sent\u00e9\u00a0 les actions entreprises dans le domaine de l\u2019agriculture par le gouvernement guin\u00e9en depuis l\u2019accession d\u2019Alpha Cond\u00e9 au pouvoir. Elle l\u2019a fait au cours d\u2019une conf\u00e9rence de presse anim\u00e9e ce lundi, 28 janvier 2019 dans un r\u00e9ceptif h\u00f4telier de [&hellip;]<\/p>\n","protected":false},"author":2,"featured_media":2972,"comment_status":"open","ping_status":"closed","sticky":false,"template":"","format":"standard","meta":{"buzzeditor_post_format":"","footnotes":""},"categories":[1],"tags":[],"class_list":["post-2971","post","type-post","status-publish","format-standard","has-post-thumbnail","hentry","category-non-classe"],"jetpack_featured_media_url":"https:\/\/guineechrono.com\/wp-content\/uploads\/2019\/01\/soguipa.jpg","amp_enabled":true,"_links":{"self":[{"href":"https:\/\/guineechrono.com\/index.php\/wp-json\/wp\/v2\/posts\/2971","targetHints":{"allow":["GET"]}}],"collection":[{"href":"https:\/\/guineechrono.com\/index.php\/wp-json\/wp\/v2\/posts"}],"about":[{"href":"https:\/\/guineechrono.com\/index.php\/wp-json\/wp\/v2\/types\/post"}],"author":[{"embeddable":true,"href":"https:\/\/guineechrono.com\/index.php\/wp-json\/wp\/v2\/users\/2"}],"replies":[{"embeddable":true,"href":"https:\/\/guineechrono.com\/index.php\/wp-json\/wp\/v2\/comments?post=2971"}],"version-history":[{"count":0,"href":"https:\/\/guineechrono.com\/index.php\/wp-json\/wp\/v2\/posts\/2971\/revisions"}],"wp:featuredmedia":[{"embeddable":true,"href":"https:\/\/guineechrono.com\/index.php\/wp-json\/wp\/v2\/media\/2972"}],"wp:attachment":[{"href":"https:\/\/guineechrono.com\/index.php\/wp-json\/wp\/v2\/media?parent=2971"}],"wp:term":[{"taxonomy":"category","embeddable":true,"href":"https:\/\/guineechrono.com\/index.php\/wp-json\/wp\/v2\/categories?post=2971"},{"taxonomy":"post_tag","embeddable":true,"href":"https:\/\/guineechrono.com\/index.php\/wp-json\/wp\/v2\/tags?post=2971"}],"curies":[{"name":"wp","href":"https:\/\/api.w.org\/{rel}","templated":true}]}}