{"id":29737,"date":"2022-06-21T13:25:09","date_gmt":"2022-06-21T12:25:09","guid":{"rendered":"https:\/\/guineechrono.com\/?p=29737"},"modified":"2022-06-21T13:25:09","modified_gmt":"2022-06-21T12:25:09","slug":"conakry-marche-du-23-juin-charles-wright-donne-des-instructions-fermes","status":"publish","type":"post","link":"https:\/\/guineechrono.com\/index.php\/conakry-marche-du-23-juin-charles-wright-donne-des-instructions-fermes\/","title":{"rendered":"Conakry\/Marche du 23 juin : Charles Wright donne des instructions fermes"},"content":{"rendered":"<p><strong>A travers un communiqu\u00e9, le Parquet G\u00e9n\u00e9ral pr\u00e8s la Cour d\u2019Appel de Conakry a instruit les Procureurs de Dixinn, Mafanco et Kaloum, par rapport \u00e0 la manifestation du Front National pour la D\u00e9fense de la Constitution (FNDC) pr\u00e9vue le jeudi 23 juin 2022 suivant l\u2019itin\u00e9raire Tannerie-Palais du Peuple.<\/strong><\/p>\n<p><strong>Lisez\u2026<\/strong><\/p>\n<p><img decoding=\"async\" src=\"https:\/\/i0.wp.com\/mediaguinee.org\/wp-content\/uploads\/2022\/06\/received_349872070552293.jpeg?resize=660%2C1018&amp;ssl=1\" \/><\/p>\n<p><img decoding=\"async\" src=\"https:\/\/i0.wp.com\/mediaguinee.org\/wp-content\/uploads\/2022\/06\/received_1202621650493222.jpeg?resize=660%2C1009&amp;ssl=1\" \/><\/p>\n<p><img decoding=\"async\" src=\"https:\/\/i0.wp.com\/mediaguinee.org\/wp-content\/uploads\/2022\/06\/received_2178631708980022.jpeg?resize=655%2C1024&amp;ssl=1\" \/><\/p>\n<p><img decoding=\"async\" src=\"https:\/\/i0.wp.com\/mediaguinee.org\/wp-content\/uploads\/2022\/06\/received_5379793275414940.jpeg?resize=644%2C1024&amp;ssl=1\" \/><\/p>\n<p><img decoding=\"async\" src=\"https:\/\/i0.wp.com\/mediaguinee.org\/wp-content\/uploads\/2022\/06\/received_1310821432786544.jpeg?resize=660%2C1019&amp;ssl=1\" \/><\/p>\n","protected":false},"excerpt":{"rendered":"<p>A travers un communiqu\u00e9, le Parquet G\u00e9n\u00e9ral pr\u00e8s la Cour d\u2019Appel de Conakry a instruit les Procureurs de Dixinn, Mafanco et Kaloum, par rapport \u00e0 la manifestation du Front National pour la D\u00e9fense de la Constitution (FNDC) pr\u00e9vue le jeudi 23 juin 2022 suivant l\u2019itin\u00e9raire Tannerie-Palais du Peuple. Lisez\u2026<\/p>\n","protected":false},"author":2,"featured_media":29738,"comment_status":"open","ping_status":"closed","sticky":false,"template":"","format":"standard","meta":{"buzzeditor_post_format":"","footnotes":""},"categories":[42],"tags":[],"class_list":["post-29737","post","type-post","status-publish","format-standard","has-post-thumbnail","hentry","category-news"],"jetpack_featured_media_url":"https:\/\/guineechrono.com\/wp-content\/uploads\/2022\/06\/charles-1.jpg","amp_enabled":true,"_links":{"self":[{"href":"https:\/\/guineechrono.com\/index.php\/wp-json\/wp\/v2\/posts\/29737","targetHints":{"allow":["GET"]}}],"collection":[{"href":"https:\/\/guineechrono.com\/index.php\/wp-json\/wp\/v2\/posts"}],"about":[{"href":"https:\/\/guineechrono.com\/index.php\/wp-json\/wp\/v2\/types\/post"}],"author":[{"embeddable":true,"href":"https:\/\/guineechrono.com\/index.php\/wp-json\/wp\/v2\/users\/2"}],"replies":[{"embeddable":true,"href":"https:\/\/guineechrono.com\/index.php\/wp-json\/wp\/v2\/comments?post=29737"}],"version-history":[{"count":0,"href":"https:\/\/guineechrono.com\/index.php\/wp-json\/wp\/v2\/posts\/29737\/revisions"}],"wp:featuredmedia":[{"embeddable":true,"href":"https:\/\/guineechrono.com\/index.php\/wp-json\/wp\/v2\/media\/29738"}],"wp:attachment":[{"href":"https:\/\/guineechrono.com\/index.php\/wp-json\/wp\/v2\/media?parent=29737"}],"wp:term":[{"taxonomy":"category","embeddable":true,"href":"https:\/\/guineechrono.com\/index.php\/wp-json\/wp\/v2\/categories?post=29737"},{"taxonomy":"post_tag","embeddable":true,"href":"https:\/\/guineechrono.com\/index.php\/wp-json\/wp\/v2\/tags?post=29737"}],"curies":[{"name":"wp","href":"https:\/\/api.w.org\/{rel}","templated":true}]}}