{"id":29759,"date":"2022-06-22T09:56:09","date_gmt":"2022-06-22T08:56:09","guid":{"rendered":"https:\/\/guineechrono.com\/?p=29759"},"modified":"2022-06-22T11:14:53","modified_gmt":"2022-06-22T10:14:53","slug":"humanitaire-le-president-mamadi-doumbouya-adopte-lorpheline-safiatou-diallo-par-mandian-sidibe","status":"publish","type":"post","link":"https:\/\/guineechrono.com\/index.php\/humanitaire-le-president-mamadi-doumbouya-adopte-lorpheline-safiatou-diallo-par-mandian-sidibe\/","title":{"rendered":"Pr\u00e9sidence de la R\u00e9publique : le p\u00e8re de la nation guin\u00e9enne, le colonel Mamadi Doumbouya adopte la coll\u00e9gienne Safiatou Diallo, qui a perdu ses parents dans un incendie (Par Mandian Sidib\u00e9)"},"content":{"rendered":"<p>Le 14 juin 2022, Safiatou Diallo, 16 ans, candidate au BEPC, perdait ses parents et tous les membres de sa famille, dans un incendie meurtrier. Touch\u00e9\u00a0par ce drame, qui a \u00e9mu toute\u00a0la Nation, le Chef de l\u2019\u00c9tat, Chef Supr\u00eame des Arm\u00e9es, en tant que P\u00e8re de la Nation, a re\u00e7u la jeune fille et des repr\u00e9sentants de sa famille, mardi 21 juin, en audience, au Palais\u00a0Mohamed V.<\/p>\n<p><a href=\"https:\/\/guineechrono.com\/wp-content\/uploads\/2022\/06\/orpheline1.jpeg\"><img fetchpriority=\"high\" decoding=\"async\" class=\"alignnone size-medium wp-image-29762\" src=\"https:\/\/guineechrono.com\/wp-content\/uploads\/2022\/06\/orpheline1-247x300.jpeg\" alt=\"\" width=\"247\" height=\"300\" srcset=\"https:\/\/guineechrono.com\/wp-content\/uploads\/2022\/06\/orpheline1-247x300.jpeg 247w, https:\/\/guineechrono.com\/wp-content\/uploads\/2022\/06\/orpheline1-768x931.jpeg 768w, https:\/\/guineechrono.com\/wp-content\/uploads\/2022\/06\/orpheline1-696x844.jpeg 696w, https:\/\/guineechrono.com\/wp-content\/uploads\/2022\/06\/orpheline1-346x420.jpeg 346w, https:\/\/guineechrono.com\/wp-content\/uploads\/2022\/06\/orpheline1.jpeg 796w\" sizes=\"(max-width: 247px) 100vw, 247px\" \/><\/a><\/p>\n<p>Dans la foul\u00e9e,\u00a0le Pr\u00e9sident-Colonel, le sauveur de la Guin\u00e9e et des Guin\u00e9ens, Son Excellence Mamadi Doumbouya, s\u2019est engag\u00e9\u00a0\u00e0 adopter l\u2019orpheline. Une d\u00e9cision, tr\u00e8s humanitaire, qui vient\u00a0\u00e0\u00a0point nomm\u00e9, pour la petite Safiatou Diallo, mais ne surprend gu\u00e8re, pour qui conna\u00eet\u00a0la grandeur d\u2019\u00e2me du Chef de l\u2019\u00c9tat, Chef\u00a0Supr\u00eame des Forces arm\u00e9es.<\/p>\n<p>Il n\u2019est un secret pour personne que le Colonel-lib\u00e9rateur, P\u00e8re de la Nation, est naturellement dot\u00e9 d\u2019un c\u0153ur en or, sensible aux souffrances de ses concitoyens et de sa patrie. Le cas de la jeune\u00a0Safiatou\u00a0Diallo prouve, \u00e9loquemment, que notre Messie National n\u2019est pas d\u00e9connect\u00e9\u00a0de la r\u00e9alit\u00e9 guin\u00e9enne, encore moins de la tradition africaine.<\/p>\n<p><a href=\"https:\/\/guineechrono.com\/wp-content\/uploads\/2022\/06\/orpheline2.jpeg\"><img decoding=\"async\" class=\"alignnone size-medium wp-image-29763\" src=\"https:\/\/guineechrono.com\/wp-content\/uploads\/2022\/06\/orpheline2-300x201.jpeg\" alt=\"\" width=\"300\" height=\"201\" srcset=\"https:\/\/guineechrono.com\/wp-content\/uploads\/2022\/06\/orpheline2-300x201.jpeg 300w, https:\/\/guineechrono.com\/wp-content\/uploads\/2022\/06\/orpheline2-1024x685.jpeg 1024w, https:\/\/guineechrono.com\/wp-content\/uploads\/2022\/06\/orpheline2-768x514.jpeg 768w, https:\/\/guineechrono.com\/wp-content\/uploads\/2022\/06\/orpheline2-696x466.jpeg 696w, https:\/\/guineechrono.com\/wp-content\/uploads\/2022\/06\/orpheline2-1068x715.jpeg 1068w, https:\/\/guineechrono.com\/wp-content\/uploads\/2022\/06\/orpheline2-628x420.jpeg 628w, https:\/\/guineechrono.com\/wp-content\/uploads\/2022\/06\/orpheline2.jpeg 1139w\" sizes=\"(max-width: 300px) 100vw, 300px\" \/><\/a><\/p>\n<p>Avec l\u2019enfant\u00a0prodige\u00a0de Kankan\u00a0Nabaya, les Guin\u00e9ennes et Guin\u00e9ens ne seront plus des-laiss\u00e9s-pour-compte ou des damn\u00e9s de la Plan\u00e8te Terre.<\/p>\n<p>Que Dieu guide les pas de notre Laye Mady National et le prot\u00e8ge contre tout mal.<\/p>\n<p>Amen !<\/p>\n<p><strong>Mandian<\/strong><strong>\u00a0SIDIB\u00c9<\/strong><strong>, Journaliste<\/strong><\/p>\n","protected":false},"excerpt":{"rendered":"<p>Le 14 juin 2022, Safiatou Diallo, 16 ans, candidate au BEPC, perdait ses parents et tous les membres de sa famille, dans un incendie meurtrier. Touch\u00e9\u00a0par ce drame, qui a \u00e9mu toute\u00a0la Nation, le Chef de l\u2019\u00c9tat, Chef Supr\u00eame des Arm\u00e9es, en tant que P\u00e8re de la Nation, a re\u00e7u la jeune fille et des [&hellip;]<\/p>\n","protected":false},"author":2,"featured_media":29761,"comment_status":"open","ping_status":"closed","sticky":false,"template":"","format":"standard","meta":{"buzzeditor_post_format":"","footnotes":""},"categories":[2],"tags":[],"class_list":["post-29759","post","type-post","status-publish","format-standard","has-post-thumbnail","hentry","category-featured"],"jetpack_featured_media_url":"https:\/\/guineechrono.com\/wp-content\/uploads\/2022\/06\/orpheline.jpeg","amp_enabled":true,"_links":{"self":[{"href":"https:\/\/guineechrono.com\/index.php\/wp-json\/wp\/v2\/posts\/29759","targetHints":{"allow":["GET"]}}],"collection":[{"href":"https:\/\/guineechrono.com\/index.php\/wp-json\/wp\/v2\/posts"}],"about":[{"href":"https:\/\/guineechrono.com\/index.php\/wp-json\/wp\/v2\/types\/post"}],"author":[{"embeddable":true,"href":"https:\/\/guineechrono.com\/index.php\/wp-json\/wp\/v2\/users\/2"}],"replies":[{"embeddable":true,"href":"https:\/\/guineechrono.com\/index.php\/wp-json\/wp\/v2\/comments?post=29759"}],"version-history":[{"count":0,"href":"https:\/\/guineechrono.com\/index.php\/wp-json\/wp\/v2\/posts\/29759\/revisions"}],"wp:featuredmedia":[{"embeddable":true,"href":"https:\/\/guineechrono.com\/index.php\/wp-json\/wp\/v2\/media\/29761"}],"wp:attachment":[{"href":"https:\/\/guineechrono.com\/index.php\/wp-json\/wp\/v2\/media?parent=29759"}],"wp:term":[{"taxonomy":"category","embeddable":true,"href":"https:\/\/guineechrono.com\/index.php\/wp-json\/wp\/v2\/categories?post=29759"},{"taxonomy":"post_tag","embeddable":true,"href":"https:\/\/guineechrono.com\/index.php\/wp-json\/wp\/v2\/tags?post=29759"}],"curies":[{"name":"wp","href":"https:\/\/api.w.org\/{rel}","templated":true}]}}