{"id":29942,"date":"2022-07-04T16:31:05","date_gmt":"2022-07-04T15:31:05","guid":{"rendered":"https:\/\/guineechrono.com\/?p=29942"},"modified":"2022-07-04T16:31:05","modified_gmt":"2022-07-04T15:31:05","slug":"lelite-guineenne-doit-reconquerir-son-role-de-leader-sur-lechiquier-politique-national-par-souleymane-doumbouya","status":"publish","type":"post","link":"https:\/\/guineechrono.com\/index.php\/lelite-guineenne-doit-reconquerir-son-role-de-leader-sur-lechiquier-politique-national-par-souleymane-doumbouya\/","title":{"rendered":"L\u2019\u00e9lite guin\u00e9enne doit reconqu\u00e9rir son r\u00f4le de leader sur l\u2019\u00e9chiquier politique national ! (Par Souleymane Doumbouya)"},"content":{"rendered":"<p>Tr\u00e8s cher(e)s lectrices et lecteurs de mes diff\u00e9rentes chroniques sous forme de tribunes, qu\u2019il vous plaise de savoir que suite \u00e0 un d\u00e9bat houleux avec un journaliste autour du terme \u00ab\u00a0Pr\u00e9sident de la R\u00e9publique\u00a0\u00bb qui plus qu\u2019une commodit\u00e9 d\u2019appellation est r\u00e9ellement une fonction exerc\u00e9e ici chez nous, par celui qui est chef d\u2019Etat. \u00c9crit ou pas dans la Charte de la Transition, il est constant qu\u2019ici la forme de notre \u00c9tat reste R\u00e9publicaine (le Colonel Mamadi Doumbouya si par des circonstances exceptionnelles est rest\u00e9 un moment dictateur (concentration des deux pouvoirs politiques (ex\u00e9cutif et l\u00e9gislatif) dans les mains d\u2019un seul), il n\u2019en demeure pas moins qu\u2019il (Etat) reste R\u00e9publique dont les fonctions ne sont ni viag\u00e8res ni h\u00e9r\u00e9ditaires.<\/p>\n<p>En effet, pour revenir \u00e0 un pass\u00e9 r\u00e9cent, notre pays a connu de fortes dissensions ou convulsions sociales li\u00e9es \u00e0 des querelles li\u00e9es \u00e0 la notion de CONSTITUTION. Mais avant d\u2019entamer mes propos, il m\u2019\u00e9choit de rappeler ceci:<\/p>\n<p>\u00c0 l\u2019origine, la R\u00e9publique a \u00e9t\u00e9 observ\u00e9e dans les cit\u00e9s grecques de l\u2019antiquit\u00e9. La notion constitution (loi fondamentale ou norme m\u00e8re d\u2019o\u00f9 d\u00e9rivent les autres pouvoirs organiques) quant \u00e0 elle, est n\u00e9e avec les mouvements constitutionnalistes, c\u2019est-\u00e0-dire tr\u00e8s r\u00e9cents qui ne datent qu\u2019\u00e0 partir du XVIII \u00e9me si\u00e8cle pour l\u2019essentiel en Europe et en Am\u00e9rique, si on peut \u00e9voquer la Charte (non \u00e9crite mais orale) de Kourangan Fouga avec l\u2019Empereur du Mali, Soundiata Keita !<\/p>\n<p>De toute \u00e9vidence, en Droit Constitutionnel, persiste un d\u00e9bat de fond entre deux ( 02) grands blocs ou \u00c9coles : d\u2019une part, les supr\u00e9matistes de la constitution et d\u2019autre part les souverainistes !<\/p>\n<p>Aussi en Guin\u00e9e, en 2020, avec acuit\u00e9, les m\u00eames tendances se sont confront\u00e9es localement. Ceci, tr\u00e8s malheureusement avec heurts et violences inou\u00efes, alors que le d\u00e9bat aurait d\u00fb simplement \u00eatre doctrinal.<\/p>\n<p>Par ailleurs, le fameux troisi\u00e8me (3\u00e8me ) mandat ayant \u00e9t\u00e9 le fait g\u00e9n\u00e9rateur aurait conduit pour certains, \u00e0 la Rectification Institutionnelle du 05 septembre 2021, op\u00e9r\u00e9e par l\u2019arm\u00e9e sous le leadership du Pr\u00e9sident L\u00e9gionnaire Colonel Mamadi DOUMBOUYA (j\u2019essaie d\u2019\u00eatre factuel). Par contre, il est \u00e0 d\u00e9plorer qu\u2019en dehors de quelques particularit\u00e9s dont entre et autres: le c\u00e9l\u00e8bre \u00e9crivain Thierno Monenembo, les universitaires Professeurs Lansana Kaba, Salifou Sylla, Maurice Zegbelemou Togba\u2026 compl\u00e9t\u00e9s par plusieurs hommes politiques (la cr\u00e8me de l\u2019opposition et les principaux animateurs de la mouvance pr\u00e9sidentielle d\u2019alors) l\u2019\u00e9lite guin\u00e9enne dans son ensemble (grande majorit\u00e9) a \u00e9t\u00e9 absente. Est-ce pour cause d\u2019avoir \u00e9t\u00e9 longtemps malmen\u00e9e et atrocement pers\u00e9cut\u00e9e par les gouvernants ou r\u00e9gimes successifs ?<\/p>\n<p>J\u2019estime qu\u2019elle doit revenir pour reconqu\u00e9rir sa place de leader sur l\u2019\u00e9chiquier politique national. Elle doit absolument prendre part cette fois-ci (Transition) aux d\u00e9bats que plut\u00f4t de continuer \u00e0 laisser une opinion publique men\u00e9e du bout du nez par des incultes activistes.<\/p>\n<p>Ainsi, pour les souverainistes, seul le peuple reste d\u00e9terminant par contre les supr\u00e9matistes de la constitution consid\u00e8rent ce corpus de r\u00e8gles de droit contenu dans des dispositions comme des barri\u00e8res une fois pos\u00e9e d\u2019infranchissables. Ici chez nous, en vedette, ils ont \u00e9t\u00e9 incarn\u00e9s par la \u00ab\u00a0n\u00e9buleuse\u00a0\u00bb FNDC (Rien de p\u00e9joratif car le PG Charles Right lui-m\u00eame, une des voix les plus autoris\u00e9es de notre monde judiciaire, a encore du mal \u00e0 d\u00e9finir son statut juridique) !<\/p>\n<p>J\u2019exhorte mes s\u0153urs et fr\u00e8res \u00e0 relever le niveau du curseur pour que d\u00e9sormais pr\u00e9vaut la qualit\u00e9 en toute chose relative \u00e0 la \u00ab\u00a0Res publica\u00a0\u00bb!<\/p>\n<p>Bonne journ\u00e9e dominicale!<\/p>\n<p>Souleymane Doumbouya<\/p>\n<p>&nbsp;<\/p>\n","protected":false},"excerpt":{"rendered":"<p>Tr\u00e8s cher(e)s lectrices et lecteurs de mes diff\u00e9rentes chroniques sous forme de tribunes, qu\u2019il vous plaise de savoir que suite \u00e0 un d\u00e9bat houleux avec un journaliste autour du terme \u00ab\u00a0Pr\u00e9sident de la R\u00e9publique\u00a0\u00bb qui plus qu\u2019une commodit\u00e9 d\u2019appellation est r\u00e9ellement une fonction exerc\u00e9e ici chez nous, par celui qui est chef d\u2019Etat. \u00c9crit ou [&hellip;]<\/p>\n","protected":false},"author":2,"featured_media":29943,"comment_status":"open","ping_status":"closed","sticky":false,"template":"","format":"standard","meta":{"buzzeditor_post_format":"","footnotes":""},"categories":[2],"tags":[],"class_list":["post-29942","post","type-post","status-publish","format-standard","has-post-thumbnail","hentry","category-featured"],"jetpack_featured_media_url":"https:\/\/guineechrono.com\/wp-content\/uploads\/2022\/07\/ff.jpg","amp_enabled":true,"_links":{"self":[{"href":"https:\/\/guineechrono.com\/index.php\/wp-json\/wp\/v2\/posts\/29942","targetHints":{"allow":["GET"]}}],"collection":[{"href":"https:\/\/guineechrono.com\/index.php\/wp-json\/wp\/v2\/posts"}],"about":[{"href":"https:\/\/guineechrono.com\/index.php\/wp-json\/wp\/v2\/types\/post"}],"author":[{"embeddable":true,"href":"https:\/\/guineechrono.com\/index.php\/wp-json\/wp\/v2\/users\/2"}],"replies":[{"embeddable":true,"href":"https:\/\/guineechrono.com\/index.php\/wp-json\/wp\/v2\/comments?post=29942"}],"version-history":[{"count":0,"href":"https:\/\/guineechrono.com\/index.php\/wp-json\/wp\/v2\/posts\/29942\/revisions"}],"wp:featuredmedia":[{"embeddable":true,"href":"https:\/\/guineechrono.com\/index.php\/wp-json\/wp\/v2\/media\/29943"}],"wp:attachment":[{"href":"https:\/\/guineechrono.com\/index.php\/wp-json\/wp\/v2\/media?parent=29942"}],"wp:term":[{"taxonomy":"category","embeddable":true,"href":"https:\/\/guineechrono.com\/index.php\/wp-json\/wp\/v2\/categories?post=29942"},{"taxonomy":"post_tag","embeddable":true,"href":"https:\/\/guineechrono.com\/index.php\/wp-json\/wp\/v2\/tags?post=29942"}],"curies":[{"name":"wp","href":"https:\/\/api.w.org\/{rel}","templated":true}]}}