{"id":2995,"date":"2019-02-01T22:01:30","date_gmt":"2019-02-01T21:01:30","guid":{"rendered":"http:\/\/guineechrono.com\/?p=2995"},"modified":"2019-02-01T22:01:30","modified_gmt":"2019-02-01T21:01:30","slug":"exclusif-le-jugement-de-boubacar-diallo-grenade-debutera-le-lundi-11-fevrier-2019","status":"publish","type":"post","link":"https:\/\/guineechrono.com\/index.php\/exclusif-le-jugement-de-boubacar-diallo-grenade-debutera-le-lundi-11-fevrier-2019\/","title":{"rendered":"Exclusif : Le jugement de Boubacar Diallo \u00ab Grenade \u00bb d\u00e9butera le lundi 11 f\u00e9vrier 2019"},"content":{"rendered":"<p>CONAKRY-Le c\u00e9l\u00e8bre prisonnier Boubacar Diallo dit Grenade d\u00e9tenu \u00e0 la prison civile de Kindia est attendu \u00e0 la barre du tribunal de premi\u00e8re instance de Dixinn le lundi 11 f\u00e9vrier 2019, a appris Africaguinee.com de sources judiciaires.<\/p>\n<p>Ce militant de l\u2019union des forces d\u00e9mocratiques de Guin\u00e9e est accus\u00e9 de plusieurs crimes par la justice guin\u00e9enne.<\/p>\n<p>Boubacar Diallo est notamment soup\u00e7onn\u00e9 d\u2019\u00eatre impliqu\u00e9 \u00a0dans les nombreux cas d\u2019assassinat survenus lors des manifestations politiques organis\u00e9es par l\u2019opposition \u00e0 Conakry depuis 2011. Mais il a toujours clam\u00e9 son innocence.<\/p>\n<p>Dans une interview qu\u2019il nous a accord\u00e9 Grenade a d\u00e9nonc\u00e9 un \u00ab\u00a0coup\u00a0\u00bb mont\u00e9 par le pouvoir en place dans le but de discr\u00e9diter le pr\u00e9sident de l\u2019UFDG, Cellou Dalein Diallo et son parti.<\/p>\n<p>Selon une source proche du parquet de Dixinn qui nous a confi\u00e9 la primeur, c\u2019est \u00e0 la demande de l\u2019avocat de Grenade, ma\u00eetre Salifou B\u00e9avogui que le procureur de la R\u00e9publique pr\u00e8s le tribunal de premi\u00e8re instance de Dixinn, Sidy Souleymane Ndiaye a fix\u00e9 la date du jugement de cette importe affaire criminelle pour le 11 f\u00e9vrier 2019 au palais de jugement de Dixinn.<\/p>\n<p>A suivre!!<\/p>\n<p><strong>Pour Africaguinee.com<\/strong><\/p>\n","protected":false},"excerpt":{"rendered":"<p>CONAKRY-Le c\u00e9l\u00e8bre prisonnier Boubacar Diallo dit Grenade d\u00e9tenu \u00e0 la prison civile de Kindia est attendu \u00e0 la barre du tribunal de premi\u00e8re instance de Dixinn le lundi 11 f\u00e9vrier 2019, a appris Africaguinee.com de sources judiciaires. Ce militant de l\u2019union des forces d\u00e9mocratiques de Guin\u00e9e est accus\u00e9 de plusieurs crimes par la justice guin\u00e9enne. [&hellip;]<\/p>\n","protected":false},"author":2,"featured_media":2996,"comment_status":"open","ping_status":"closed","sticky":false,"template":"","format":"standard","meta":{"buzzeditor_post_format":"","footnotes":""},"categories":[1],"tags":[],"class_list":["post-2995","post","type-post","status-publish","format-standard","has-post-thumbnail","hentry","category-non-classe"],"jetpack_featured_media_url":"https:\/\/guineechrono.com\/wp-content\/uploads\/2019\/02\/grenade_2_0.jpg","amp_enabled":true,"_links":{"self":[{"href":"https:\/\/guineechrono.com\/index.php\/wp-json\/wp\/v2\/posts\/2995","targetHints":{"allow":["GET"]}}],"collection":[{"href":"https:\/\/guineechrono.com\/index.php\/wp-json\/wp\/v2\/posts"}],"about":[{"href":"https:\/\/guineechrono.com\/index.php\/wp-json\/wp\/v2\/types\/post"}],"author":[{"embeddable":true,"href":"https:\/\/guineechrono.com\/index.php\/wp-json\/wp\/v2\/users\/2"}],"replies":[{"embeddable":true,"href":"https:\/\/guineechrono.com\/index.php\/wp-json\/wp\/v2\/comments?post=2995"}],"version-history":[{"count":0,"href":"https:\/\/guineechrono.com\/index.php\/wp-json\/wp\/v2\/posts\/2995\/revisions"}],"wp:featuredmedia":[{"embeddable":true,"href":"https:\/\/guineechrono.com\/index.php\/wp-json\/wp\/v2\/media\/2996"}],"wp:attachment":[{"href":"https:\/\/guineechrono.com\/index.php\/wp-json\/wp\/v2\/media?parent=2995"}],"wp:term":[{"taxonomy":"category","embeddable":true,"href":"https:\/\/guineechrono.com\/index.php\/wp-json\/wp\/v2\/categories?post=2995"},{"taxonomy":"post_tag","embeddable":true,"href":"https:\/\/guineechrono.com\/index.php\/wp-json\/wp\/v2\/tags?post=2995"}],"curies":[{"name":"wp","href":"https:\/\/api.w.org\/{rel}","templated":true}]}}