{"id":29990,"date":"2022-07-07T13:06:41","date_gmt":"2022-07-07T12:06:41","guid":{"rendered":"https:\/\/guineechrono.com\/?p=29990"},"modified":"2022-07-07T13:06:41","modified_gmt":"2022-07-07T12:06:41","slug":"guinee-les-avocats-francais-du-fndc-demandent-aux-autorites-de-liberer-ces-trois-activistes-dans-les-plus-brefs-delais","status":"publish","type":"post","link":"https:\/\/guineechrono.com\/index.php\/guinee-les-avocats-francais-du-fndc-demandent-aux-autorites-de-liberer-ces-trois-activistes-dans-les-plus-brefs-delais\/","title":{"rendered":"Guin\u00e9e : les avocats fran\u00e7ais du FNDC demandent aux autorit\u00e9s de lib\u00e9rer ces trois activistes dans les plus brefs d\u00e9lais"},"content":{"rendered":"<p>Le 5 juillet 2022, les leaders du Front national pour la d\u00e9fense de la Constitution (FNDC), M. Oumar Sylla \u00ab alias Fonik\u00e9 Mengu\u00e8 \u00bb, M. Alpha Midiaou Bah \u00ab alias Djanii Alfa \u00bb et M. Mamadou Billo Bah, respectivement Coordinateur national, Responsable de la citoyennet\u00e9 et Responsable de la mobilisation et des antennes du Mouvement, ont \u00e9t\u00e9 arr\u00eat\u00e9s par la Brigade de r\u00e9pression et du banditisme (BRB), dans une sc\u00e8ne d\u2019une violence inou\u00efe.<br \/>\nCes leaders du FNDC ne seraient ni plus ni moins suspect\u00e9s d\u2019avoir discr\u00e9dit\u00e9 la justice guin\u00e9enne dans des publications sur les r\u00e9seaux sociaux.<\/p>\n<p>Face au choc et \u00e0 l\u2019indignation qu\u2019ont suscit\u00e9s les images de leur arrestation dans l\u2019opinion nationale et internationale, les services du parquet g\u00e9n\u00e9ral ont tent\u00e9, dans un communiqu\u00e9 publi\u00e9 ce mercredi 06 juillet 2022, de justifier ces all\u00e9gations abusives et la proc\u00e9dure arbitraire au moyen d\u2019arguments juridiques alambiqu\u00e9s visant \u00e0 couvrir l\u2019action des agents des forces de s\u00e9curit\u00e9 ayant inflig\u00e9 des traitements inhumains et d\u00e9gradants aux responsables du FNDC.<br \/>\nLes soussign\u00e9s invitent le procureur g\u00e9n\u00e9ral \u00e0 prendre, contre ces agents des forces de l\u2019ordre, des sanctions \u00e0 la hauteur de leurs manquements.<\/p>\n<p>Les soussign\u00e9s demandent aux autorit\u00e9s guin\u00e9ennes de proc\u00e9der \u00e0 la lib\u00e9ration imm\u00e9diate et sans conditions de ces trois activistes dans les plus brefs d\u00e9lais.<br \/>\nIls rappellent que, depuis plusieurs mois, le FNDC n\u2019a eu de cesser d\u2019adopter une d\u00e9marche constructive avec les autorit\u00e9s temporairement au pouvoir pour aider \u00e0 la transition d\u00e9mocratique. Ils ont \u00e9galement plac\u00e9 leur confiance dans le syst\u00e8me judiciaire pour voir juger les exactions commises par le r\u00e9gime d\u2019Alpha Cond\u00e9.<\/p>\n<p>Ce n\u2019est que r\u00e9cemment que le FNDC a appel\u00e9 \u00e0 la mobilisation publique devant le constat sans appel de l\u2019impasse dans laquelle se trouvait le pays. Cet appel se borne \u00e0 faire usage de droits collectifs parfaitement \u00e9l\u00e9mentaires. Il s\u2019est pourtant heurt\u00e9 \u00e0 l\u2019\u00e9diction d\u2019interdictions de manifestation portant une atteinte manifestement disproportionn\u00e9e \u00e0 ces m\u00eames droits.<\/p>\n<p>La libert\u00e9 d\u2019expression, la libert\u00e9 d\u2019association, sont des droits fondamentaux qui doivent \u00eatre prot\u00e9g\u00e9s par tout r\u00e9gime attach\u00e9 \u00e0 des id\u00e9aux d\u00e9mocratiques. Il ne peut \u00eatre port\u00e9 \u00e0 ces droits que dans des circonstances exceptionnelles. Ces circonstances sont ici totalement inexistantes.<\/p>\n<p>Les soussign\u00e9s attirent l\u2019attention de la communaut\u00e9 internationale sur la d\u00e9gradation manifeste de l\u2019\u00e9tat des droits civiques en Guin\u00e9e, que signent ces arrestations. Ces arrestations arbitraires renouent avec des pratiques que la soci\u00e9t\u00e9 civile guin\u00e9enne pensait \u00e0 tort r\u00e9volues. Elles marquent \u00e9galement un paradoxe avec la volont\u00e9 d\u2019ind\u00e9pendance affich\u00e9e par le parquet, notamment illustr\u00e9e par les poursuites contre les crimes de sang commises sous le r\u00e9gime d\u2019Alpha Cond\u00e9, et une criminalisation inacceptable du FNDC, acteur d\u00e9mocratique de premier plan en Guin\u00e9e.<br \/>\nIl est indispensable qu\u2019une r\u00e9action intervienne. Les soussign\u00e9s disposent de tous les \u00e9l\u00e9ments laissant craindre qu\u2019elles ne soient que le signe avant-coureur d\u2019un accaparement sans retour du pouvoir.<\/p>\n<p>Les soussign\u00e9s en appellent notamment \u00e0 la CEDEAO, \u00e0 l\u2019UA et au Haut-Commissariat des Nations Unies pour prendre toutes les initiatives qui s\u2019imposent face \u00e0 cette situation d\u2019une extraordinaire gravit\u00e9.<\/p>\n<p>Paris, le 06 juillet 2022<\/p>\n<p>William BOURDON<br \/>\nVincent BRENGARTH<\/p>\n<p>&nbsp;<\/p>\n<p>&nbsp;<\/p>\n","protected":false},"excerpt":{"rendered":"<p>Le 5 juillet 2022, les leaders du Front national pour la d\u00e9fense de la Constitution (FNDC), M. Oumar Sylla \u00ab alias Fonik\u00e9 Mengu\u00e8 \u00bb, M. Alpha Midiaou Bah \u00ab alias Djanii Alfa \u00bb et M. Mamadou Billo Bah, respectivement Coordinateur national, Responsable de la citoyennet\u00e9 et Responsable de la mobilisation et des antennes du Mouvement, [&hellip;]<\/p>\n","protected":false},"author":2,"featured_media":29991,"comment_status":"open","ping_status":"closed","sticky":false,"template":"","format":"standard","meta":{"buzzeditor_post_format":"","footnotes":""},"categories":[2],"tags":[],"class_list":["post-29990","post","type-post","status-publish","format-standard","has-post-thumbnail","hentry","category-featured"],"jetpack_featured_media_url":"https:\/\/guineechrono.com\/wp-content\/uploads\/2022\/07\/avocat-francais.jpeg","amp_enabled":true,"_links":{"self":[{"href":"https:\/\/guineechrono.com\/index.php\/wp-json\/wp\/v2\/posts\/29990","targetHints":{"allow":["GET"]}}],"collection":[{"href":"https:\/\/guineechrono.com\/index.php\/wp-json\/wp\/v2\/posts"}],"about":[{"href":"https:\/\/guineechrono.com\/index.php\/wp-json\/wp\/v2\/types\/post"}],"author":[{"embeddable":true,"href":"https:\/\/guineechrono.com\/index.php\/wp-json\/wp\/v2\/users\/2"}],"replies":[{"embeddable":true,"href":"https:\/\/guineechrono.com\/index.php\/wp-json\/wp\/v2\/comments?post=29990"}],"version-history":[{"count":0,"href":"https:\/\/guineechrono.com\/index.php\/wp-json\/wp\/v2\/posts\/29990\/revisions"}],"wp:featuredmedia":[{"embeddable":true,"href":"https:\/\/guineechrono.com\/index.php\/wp-json\/wp\/v2\/media\/29991"}],"wp:attachment":[{"href":"https:\/\/guineechrono.com\/index.php\/wp-json\/wp\/v2\/media?parent=29990"}],"wp:term":[{"taxonomy":"category","embeddable":true,"href":"https:\/\/guineechrono.com\/index.php\/wp-json\/wp\/v2\/categories?post=29990"},{"taxonomy":"post_tag","embeddable":true,"href":"https:\/\/guineechrono.com\/index.php\/wp-json\/wp\/v2\/tags?post=29990"}],"curies":[{"name":"wp","href":"https:\/\/api.w.org\/{rel}","templated":true}]}}