{"id":3001,"date":"2019-02-02T21:04:12","date_gmt":"2019-02-02T20:04:12","guid":{"rendered":"http:\/\/guineechrono.com\/?p=3001"},"modified":"2019-02-02T21:04:12","modified_gmt":"2019-02-02T20:04:12","slug":"la-mairie-de-matoto-lufr-favorable-a-la-reprise-de-lelection","status":"publish","type":"post","link":"https:\/\/guineechrono.com\/index.php\/la-mairie-de-matoto-lufr-favorable-a-la-reprise-de-lelection\/","title":{"rendered":"La mairie de Matoto : l\u2019UFR favorable \u00e0 la reprise de l\u2019\u00e9lection"},"content":{"rendered":"<p><strong>L\u2019UFR favorable \u00e0 une reprise des \u00e9lections \u00e0 Matoto, pour sortir de l\u2019imbroglio, qui n\u2019a que trop dur\u00e9.<\/strong><\/p>\n<p>A l\u2019occasion de l\u2019assembl\u00e9e g\u00e9n\u00e9rale hebdomadaire du parti de l\u2019ancien premier ministre Sidya Tour\u00e9, du samedi 02 f\u00e9vrier 2019, le deuxi\u00e8me vice-pr\u00e9sident de l\u2019UFR, Ibrahima Bangoura, a estim\u00e9 que pour la cr\u00e9dibilit\u00e9 du maire qui serait \u00e9lu \u00e0 Matoto, il serait n\u00e9cessaire de reprendre l\u2019\u00e9ch\u00e9ance \u00e9lectorale.<\/p>\n<p>\u00ab\u00a0Ce qu\u2019on doit faire, c\u2019est de reprendre ces \u00e9lections \u00e0 Matoto. Tout simplement, parce que les \u00e9lections ne sont pas arriv\u00e9es \u00e0 leur terme. \u00c0 partir de l\u00e0, il faut les reprendre. Elles n\u2019ont pas \u00e9t\u00e9 achev\u00e9es\u00a0\u00bb, recommande honorable Ibrahima Bangoura.<\/p>\n<p>En attendant la d\u00e9cision des autorit\u00e9s comp\u00e9tentes en la mati\u00e8re, les populations de Matoto devront continuer \u00e0 prendre leur mal en patience.<\/p>\n<p><strong>Une Synth\u00e8se de <\/strong><\/p>\n<p><strong>Cherif Djiba Sano<\/strong><\/p>\n","protected":false},"excerpt":{"rendered":"<p>L\u2019UFR favorable \u00e0 une reprise des \u00e9lections \u00e0 Matoto, pour sortir de l\u2019imbroglio, qui n\u2019a que trop dur\u00e9. A l\u2019occasion de l\u2019assembl\u00e9e g\u00e9n\u00e9rale hebdomadaire du parti de l\u2019ancien premier ministre Sidya Tour\u00e9, du samedi 02 f\u00e9vrier 2019, le deuxi\u00e8me vice-pr\u00e9sident de l\u2019UFR, Ibrahima Bangoura, a estim\u00e9 que pour la cr\u00e9dibilit\u00e9 du maire qui serait \u00e9lu [&hellip;]<\/p>\n","protected":false},"author":2,"featured_media":3002,"comment_status":"open","ping_status":"closed","sticky":false,"template":"","format":"standard","meta":{"buzzeditor_post_format":"","footnotes":""},"categories":[1],"tags":[],"class_list":["post-3001","post","type-post","status-publish","format-standard","has-post-thumbnail","hentry","category-non-classe"],"jetpack_featured_media_url":"https:\/\/guineechrono.com\/wp-content\/uploads\/2019\/02\/UFR-360x180.jpg","amp_enabled":true,"_links":{"self":[{"href":"https:\/\/guineechrono.com\/index.php\/wp-json\/wp\/v2\/posts\/3001","targetHints":{"allow":["GET"]}}],"collection":[{"href":"https:\/\/guineechrono.com\/index.php\/wp-json\/wp\/v2\/posts"}],"about":[{"href":"https:\/\/guineechrono.com\/index.php\/wp-json\/wp\/v2\/types\/post"}],"author":[{"embeddable":true,"href":"https:\/\/guineechrono.com\/index.php\/wp-json\/wp\/v2\/users\/2"}],"replies":[{"embeddable":true,"href":"https:\/\/guineechrono.com\/index.php\/wp-json\/wp\/v2\/comments?post=3001"}],"version-history":[{"count":0,"href":"https:\/\/guineechrono.com\/index.php\/wp-json\/wp\/v2\/posts\/3001\/revisions"}],"wp:featuredmedia":[{"embeddable":true,"href":"https:\/\/guineechrono.com\/index.php\/wp-json\/wp\/v2\/media\/3002"}],"wp:attachment":[{"href":"https:\/\/guineechrono.com\/index.php\/wp-json\/wp\/v2\/media?parent=3001"}],"wp:term":[{"taxonomy":"category","embeddable":true,"href":"https:\/\/guineechrono.com\/index.php\/wp-json\/wp\/v2\/categories?post=3001"},{"taxonomy":"post_tag","embeddable":true,"href":"https:\/\/guineechrono.com\/index.php\/wp-json\/wp\/v2\/tags?post=3001"}],"curies":[{"name":"wp","href":"https:\/\/api.w.org\/{rel}","templated":true}]}}