{"id":30052,"date":"2022-07-13T17:53:47","date_gmt":"2022-07-13T16:53:47","guid":{"rendered":"https:\/\/guineechrono.com\/?p=30052"},"modified":"2022-07-13T17:53:47","modified_gmt":"2022-07-13T16:53:47","slug":"quelles-solutions-pour-les-enfants-de-laxe-plaidoyer-pour-les-enfants-par-mamadou-oury-sidibe","status":"publish","type":"post","link":"https:\/\/guineechrono.com\/index.php\/quelles-solutions-pour-les-enfants-de-laxe-plaidoyer-pour-les-enfants-par-mamadou-oury-sidibe\/","title":{"rendered":"Quelles solutions pour les enfants de l\u2019axe ? Plaidoyer pour les enfants (Par  Mamadou Oury SIDIBE)"},"content":{"rendered":"<p>La zone Hamdallaye-Bambeto-Cosa longtemps d\u00e9nonc\u00e9e comme l\u2019axe \u2018\u2019du mal\u2019\u2019 ou \u2018\u2019axe du d\u00e9sespoir\u2019\u2019 par certains, ces partisans le clament haut et fort l\u2019axe de la \u2018\u2019d\u00e9mocratie\u2019\u2019, garde une r\u00e9putation sur les manifestations depuis la fin du r\u00e8gne de feu Lansana CONTE de 2008 \u00e0 nos jours. D\u2019\u2019ailleurs, l\u2019axe s\u2019\u00e9tend aujourd\u2019hui jusqu\u2019\u00e0 Kagbelin (commune de Dubreka) en passant par Wanindara-Sonfonia T7 et la Cimenterie.<\/p>\n<p>Aucun gouvernement militaire ou civil soit-il n\u2019a eu le pouvoir et l\u2019autorit\u00e9 suffisants pour faire chuter sa fi\u00e8vre \u00e0 travers les r\u00e9pressions les plus f\u00e9roces ou des nominations \u00e0 des postes minist\u00e9riels de certains leaders politiques ayant b\u00e2ti leur c\u00e9l\u00e9brit\u00e9 sur l\u2019axe comme Mouctar DIALLO ou Ousmane Gaoual DIALLO.<\/p>\n<p>En tout cas, les manifestations de la semaine derni\u00e8re contre l\u2019arrestation de certains acteurs de la soci\u00e9t\u00e9 civile pr\u00e9c\u00e9d\u00e9es par celles du mois pass\u00e9 suite \u00e0 l\u2019augmentation du prix du carburant \u00e0 la pompe sur le m\u00eame axe, n\u2019ont \u00e9chapp\u00e9es aux yeux de personne d\u2019entre nous. Cependant, cette situation nous interpelle collectivement une fois encore, sur les actions \u00e0 entreprendre <strong>afin de mieux prot\u00e9ger les enfants<\/strong> des cons\u00e9quences parfois tragiques de ces manifestations de rue.<\/p>\n<p>Sans pourtant remettre en cause les programmes initi\u00e9s \u00e7\u00e0 et l\u00e0 par les diff\u00e9rents gouvernements qui se sont succ\u00e9d\u00e9, les partenaires technique et financiers, la soci\u00e9t\u00e9 civile et les m\u00e9dias, il est imp\u00e9ratif \u00e0 ce jour, de r\u00e9aliser un diagnostic tr\u00e8s avanc\u00e9 sur les r\u00e9alit\u00e9s de l\u2019axe, en tenant compte de la chronicit\u00e9 et de la complexit\u00e9 de ses probl\u00e8mes ainsi que des causes multiples et lointaines associ\u00e9es \u00e0 d\u2019autres facteurs pr\u00e9disposants ou favorisants mettant en p\u00e9ril les droits des enfants.<\/p>\n<p>La question de l\u2019axe est loin d\u2019\u00eatre qu\u2019ethnique m\u00eame s\u2019il demeure un fief d\u2019un parti politique dont le leader se r\u00e9clame de l\u2019ethnie majoritaire dans cette zone. Aborder la question de l\u2019axe sous l\u2019angle ethnique nous d\u00e9pourvoira de solutions appropri\u00e9es et durables. Nous savons \u00e9galement que c\u2019est sur ce m\u00eame axe que c\u2019\u00e9taient d\u00e9velopp\u00e9s les grands mouvements de \u2018\u2019clans\u2019\u2019 \u00e0 l\u2019image de ceux aux Etats-Unis vers les ann\u00e9es 2000. A cette \u00e9poque, il ne s\u2019agissait pas de manifestations politiques mais des groupes de jeunes et d\u2019enfants munis d\u2019armes blanches et parfois m\u00eame d\u2019armes \u00e0 feu, s\u2019attaquant mutuellement pour des questions de notori\u00e9t\u00e9 disait-on, d\u00e9fiant les forces de s\u00e9curit\u00e9 allant jusqu\u2019\u00e0 l\u00a0\u2018interruption des cours dans des \u00e9coles, sous le regard impuissant et coupable de parents et autorit\u00e9s.<\/p>\n<p>On pourrait m\u00eame s\u2019interroger sur le dynamisme de ces groupes qui se maintiennent strat\u00e9giquement et quantitativement, se renouvellent et se propagent depuis une quinzaine d\u2019ann\u00e9es\u00a0? Mais, \u00ab\u00a0ces associations de jeunes fonctionnent mieux que certains partis politique, elles ont une hi\u00e9rarchie claire, des \u00e9lections interne, des caisses d\u2019assurance m\u00e9dicale, etc.\u00a0\u00bb expliquait le chercheur Joschka Philipps au journal Jeune Afrique en date du 17 f\u00e9vrier 2014.<\/p>\n<p><strong>Quelques probl\u00e8mes de l\u2019axe:<\/strong><\/p>\n<p><strong>\u00a0<\/strong><\/p>\n<p>La croissance d\u00e9mographique incontr\u00f4l\u00e9e exacerb\u00e9e par l\u2019exode rurale dans un contexte de raret\u00e9 ou d\u2019absence de services sociaux de base exposent gravement les populations \u00e0 des faibles capacit\u00e9s de r\u00e9silience o\u00f9 les enfants demeurent la couche la plus vuln\u00e9rable. Ces derniers, sans acc\u00e8s \u00e0 une \u00e9ducation de qualit\u00e9, \u00e0 un logement d\u00e9cent, \u00e0 des soins de sant\u00e9 ad\u00e9quats et \u00e0 une alimentation saine sont r\u00e9duits parfois \u00e0 l\u2019exploitation ou abandonn\u00e9s dans la rue, les exposant \u00e0 tous les fl\u00e9aux de la soci\u00e9t\u00e9\u00a0: consommation des stup\u00e9fiants, vol dans les gares-routi\u00e8res, les points d\u2019embarquements et march\u00e9s, exploitation domestique et traite, migration\u2026<\/p>\n<p>Ces enfants vivant dans des conditions difficiles sont pr\u00eats comme les vaillants soldats \u00e0 Kidal, et faciles \u00e0 mobiliser pour \u00e9riger des barricades et s\u2019attaquer \u00e0 des citoyens avant m\u00eame le premier appel du muezzin pour la pri\u00e8re de l\u2019aube. Il leur suffirait la moindre occasion pour passer \u00e0 l\u2019action. Des occasions qui ne se font jamais rares\u00a0: qu\u2019il s\u2019agit d\u2019un appel \u00e0 manifester lanc\u00e9 par les politiciens, ou suite aux d\u00e9lestages \u00e9lectriques jusqu\u2019\u00e0 une augmentation du prix du carburant, m\u00eame un accident sur la voie publique\u2026 J\u2019en passe\u00a0!<\/p>\n<p>Visiblement, on d\u00e9plore l\u2019absence de l\u2019Etat dans le pr\u00e9ventif \u00e0 travers la cr\u00e9ation des services sociaux de base et des structures d\u2019accueil et d\u2019int\u00e9gration des enfants en situations difficiles dans cette zone. Le pire, la m\u00e9fiance et le m\u00e9pris de l\u2019axe l\u2019enfoncent de plus en plus dans le mal au point que si des actions concr\u00e8tes ne sont pas envisag\u00e9es imm\u00e9diatement, le mal risque de se peaufiner davantage en \u00e9largissant son p\u00e9rim\u00e8tre, entrainant d\u2019autres enfants dans la m\u00eame situation. Force est de constater aussi que nous sommes priv\u00e9s de toute transaction bancaire apr\u00e8s Hamdallaye jusqu\u2019\u00e0 Enco5 par d\u00e9faut d\u2019une agence\u00a0! cela d\u00e9note le niveau \u00e9lev\u00e9 de l\u2019ins\u00e9curit\u00e9 dans la zone qui est interdite de passage m\u00eame par certains \u00e9trangers en s\u00e9jour dans notre capitale.<\/p>\n<p><strong>Quelques interventions et leurs limites\u00a0:<\/strong><\/p>\n<p><strong>\u00a0<\/strong><\/p>\n<p>Les interventions n\u2019ont pas manqu\u00e9 en faveur des jeunes de l\u2019axe\u00a0: du projet d\u2019op\u00e9rationnalisation du dividende d\u00e9mographique dans les quartiers de hamdallaye, Bambeto et Cosa au programme d\u2019appui \u00e0 l\u2019int\u00e9gration socio-\u00e9conomique des jeunes (INTREGA) renforc\u00e9s par des campagnes de sensibilisation sont remarquables.<\/p>\n<p>Le premier a \u00e9t\u00e9 initi\u00e9 par le minist\u00e8re de la jeunesse et de l\u2019emploi des jeunes du gouvernement pr\u00e9c\u00e9dant sur appui du Fonds des Nations Unies pour la Population (UNFPA) \u00e0 hauteur de 170\u00a0000 dollars, soit une valeur financi\u00e8re d\u2019environ 1 milliard 500 millions de francs guin\u00e9ens (selon oceanguinee.com du 17 janvier 2019).\u00a0 Il visait le renforcement de la sant\u00e9 et le bien-\u00eatre, l\u2019\u00e9ducation et le d\u00e9veloppement des comp\u00e9tences, l\u2019emploi et l\u2019entreprenariat des jeunes\/femmes, et la gouvernance locale. En l\u2019absence d\u2019un rapport d\u2019\u00e9valuation de ce programme pilote, on peut constater que la cible du projet portant sur les Groupements d\u2019Int\u00e9r\u00eats Economiques (GIE), donc les jeunes, n\u2019affectait pas directement ces enfants qui sont souvent les victimes des violences lors des manifestations.<\/p>\n<p>Si le second projet (INTREGA) visait la pr\u00e9vention et la limitation de la migration irr\u00e9guli\u00e8re, la r\u00e9int\u00e9gration des migrants de retour et l\u2019insertion socio-professionnelle durable de la couche juv\u00e9nile, il serait important \u00e0 mon avis de centrer des actions dans la zone de l\u2019axe qui visiblement aurait des cibles de d\u00e9part tr\u00e8s critiques par rapport \u00e0 d\u2019autres zones de la capitale. En plus, dans les actions pour la limitation de la migration qui s\u2019inscrivent dans la pr\u00e9vention,<strong> la prise en compte de la protection des droits des enfants en situations difficiles doit \u00eatre prioritaire.<\/strong><\/p>\n<p>Quant aux campagnes de sensibilisations, une Plateforme des jeunes leaders pour la D\u00e9mocratie et le D\u00e9veloppement (PJDD) a regroup\u00e9 une trentaine de leaders repr\u00e9sentant plus de 15 organisations de jeunesse \u00e9voluant le long de l\u2019axe Hamdallaye-Bambeto-Cosa-Wanindara-Sonfonia-Cimenterie-Kagbelin. Avec pour r\u00f4le de f\u00e9d\u00e9rer les jeunes de Guin\u00e9e autour de la construction sans violence d\u2019un Etat de droit. Cette plateforme est n\u00e9e en septembre 2016 sous l\u2019impulsion du projet de paix Guin\u00e9o-All\u00e9mand\u00a0\u2018\u2019la Ba\u00efonnette intelligente\u2019\u2019. Un avantage majeur de cette plateforme est qu\u2019elle collabore avec les organisations formelles et informelles en plus des autres acteurs. Cependant, les enfants sont souvent en marge des organisations formelles et ne sont pas pr\u00e9alablement identifi\u00e9s pour \u00eatre atteignables par les interventions de la plateforme. Les questions des moyens techniques et financiers pourraient \u00eatre des d\u00e9fis dans la prise en compte des enfants d\u00e9sorient\u00e9s et abandonn\u00e9s dans ces quartiers.<\/p>\n<p><strong>Propositions de solutions<\/strong>\u00a0:<\/p>\n<p>Il est important d\u2019abord de souligner la responsabilit\u00e9 collective qui nous incombe tous dans la protection des droits de enfants\u00a0: parents, Etat, soci\u00e9t\u00e9 civile, politiques et l\u2019ensemble des citoyens.<\/p>\n<p>S\u2019il faut se r\u00e9jouir des interventions de certaines institutions et Organisations non-gouvernementales \u00e0 l\u2019image de SOS villages d\u2019enfants, Childfund, le Fonds des nations Unies pour l\u2019Enfance (UNICEF) qui ont un r\u00f4le d\u2019appui et d\u2019accompagnement de l\u2019Etat, il est important que ce dernier aussi renforce davantage ses politiques et dispositifs de protection des droits des enfants au-del\u00e0 des textes.<\/p>\n<p>Des actions pourraient porter sur\u00a0:<\/p>\n<p>la cr\u00e9ation des services sociaux de base indispensables \u00e0 l\u2019am\u00e9lioration des conditions de vie des populations \u00a0en g\u00e9n\u00e9rales et les enfants en particuliers;<\/p>\n<p>mettre en place des programmes d\u2019accompagnement des enfants en situations difficiles vivant dans la zone de l\u2019axe. Pour ce faire, ces enfants devront \u00eatre identifi\u00e9s, des centres d\u2019accueils seront mis en place, des \u00e9quipes pluridisciplinaires seront constitu\u00e9es (Assistants sociaux, \u00e9ducateurs sp\u00e9cialis\u00e9s, psychologues, sociologues, juristes, professionnels de sant\u00e9\u2026)\u00a0;<\/p>\n<p>capitaliser les acquis et exp\u00e9riences des programmes ant\u00e9rieurs et en cours afin de renforcer ou r\u00e9adapter les strat\u00e9gies d\u2019interventions en faveur des jeunes et enfants de l\u2019axe.<\/p>\n<p>Agissons tous, pour la protection des droits des enfants sur l\u2019axe et en Guin\u00e9e.<\/p>\n<p><strong>Mamadou Oury SIDIBE<\/strong><\/p>\n<p><strong>Assistant social<\/strong><\/p>\n<p><strong>T\u00e9l\u00e9phone\u00a0: +224\u00a0666 57 00 68<\/strong><\/p>\n<p>&nbsp;<\/p>\n","protected":false},"excerpt":{"rendered":"<p>La zone Hamdallaye-Bambeto-Cosa longtemps d\u00e9nonc\u00e9e comme l\u2019axe \u2018\u2019du mal\u2019\u2019 ou \u2018\u2019axe du d\u00e9sespoir\u2019\u2019 par certains, ces partisans le clament haut et fort l\u2019axe de la \u2018\u2019d\u00e9mocratie\u2019\u2019, garde une r\u00e9putation sur les manifestations depuis la fin du r\u00e8gne de feu Lansana CONTE de 2008 \u00e0 nos jours. D\u2019\u2019ailleurs, l\u2019axe s\u2019\u00e9tend aujourd\u2019hui jusqu\u2019\u00e0 Kagbelin (commune de Dubreka) [&hellip;]<\/p>\n","protected":false},"author":2,"featured_media":30053,"comment_status":"open","ping_status":"closed","sticky":false,"template":"","format":"standard","meta":{"buzzeditor_post_format":"","footnotes":""},"categories":[2],"tags":[],"class_list":["post-30052","post","type-post","status-publish","format-standard","has-post-thumbnail","hentry","category-featured"],"jetpack_featured_media_url":"https:\/\/guineechrono.com\/wp-content\/uploads\/2022\/07\/oury.jpg","amp_enabled":true,"_links":{"self":[{"href":"https:\/\/guineechrono.com\/index.php\/wp-json\/wp\/v2\/posts\/30052","targetHints":{"allow":["GET"]}}],"collection":[{"href":"https:\/\/guineechrono.com\/index.php\/wp-json\/wp\/v2\/posts"}],"about":[{"href":"https:\/\/guineechrono.com\/index.php\/wp-json\/wp\/v2\/types\/post"}],"author":[{"embeddable":true,"href":"https:\/\/guineechrono.com\/index.php\/wp-json\/wp\/v2\/users\/2"}],"replies":[{"embeddable":true,"href":"https:\/\/guineechrono.com\/index.php\/wp-json\/wp\/v2\/comments?post=30052"}],"version-history":[{"count":0,"href":"https:\/\/guineechrono.com\/index.php\/wp-json\/wp\/v2\/posts\/30052\/revisions"}],"wp:featuredmedia":[{"embeddable":true,"href":"https:\/\/guineechrono.com\/index.php\/wp-json\/wp\/v2\/media\/30053"}],"wp:attachment":[{"href":"https:\/\/guineechrono.com\/index.php\/wp-json\/wp\/v2\/media?parent=30052"}],"wp:term":[{"taxonomy":"category","embeddable":true,"href":"https:\/\/guineechrono.com\/index.php\/wp-json\/wp\/v2\/categories?post=30052"},{"taxonomy":"post_tag","embeddable":true,"href":"https:\/\/guineechrono.com\/index.php\/wp-json\/wp\/v2\/tags?post=30052"}],"curies":[{"name":"wp","href":"https:\/\/api.w.org\/{rel}","templated":true}]}}