{"id":30069,"date":"2022-07-15T11:06:48","date_gmt":"2022-07-15T10:06:48","guid":{"rendered":"https:\/\/guineechrono.com\/?p=30069"},"modified":"2022-07-15T11:06:48","modified_gmt":"2022-07-15T10:06:48","slug":"quel-modele-de-democratie-pour-lafrique-par-alpha-kolla-balde","status":"publish","type":"post","link":"https:\/\/guineechrono.com\/index.php\/quel-modele-de-democratie-pour-lafrique-par-alpha-kolla-balde\/","title":{"rendered":"Quel mod\u00e8le de d\u00e9mocratie pour l\u2019Afrique? (Par Alpha Kolla Bald\u00e9)"},"content":{"rendered":"<p>Nous devons avoir le courage de remettre en cause ce qui n\u2019a pas march\u00e9? Nous devons avoir le courage de nous interroger! La n\u00e9gation de la n\u00e9gation est le moteur du progr\u00e8s.<\/p>\n<p>Le mod\u00e8le de d\u00e9mocratie repr\u00e9sentative du multipartisme int\u00e9gral ne nous a apport\u00e9 que division, d\u00e9sordre et d\u00e9solation. Divisions ethniques, crises pr\u00e9-\u00e9lectorales et post-\u00e9lectorales sans fin. On passe tout le temps \u00e0 parler de politique et de crises et en fin de compte on n\u2019a pas le temps pour le d\u00e9veloppement.<\/p>\n<p>NOUS IMPORTONS TOUT: la nourriture, les habits, la mode, la culture, la forme d\u2019organisation socio-\u00e9conomique, socio-politique etc. Finalement on se demande pourquoi avoir choisi l\u2019ind\u00e9pendance<\/p>\n<p>Sommes-nous \u00e9ternellement condamn\u00e9s \u00e0 copier-coller, \u00e1 ne consommer que ce que les autres produisent<\/p>\n<p>Vivement un D\u00c9BAT NATIONAL qui permettra de confronter les id\u00e9es pour enfin sortir un mod\u00e8le de d\u00e9mocratie qui corresponde \u00e0 nos r\u00e9alit\u00e9s. Cette transition devrait servir \u00e0 cela entre autres.<\/p>\n<p>Il convient de souligner ici que ce n\u2019est pas la D\u00c9MOCRATIE en elle-m\u00eame qui est remise en cause mais le mod\u00e8le qui nous a \u00e9t\u00e9 IMPOS\u00c9 (je p\u00e8se bien les mots). Je m\u2019inscris dans une dynamique d\u2019auto-critique et d\u2019auto-contestation car c\u2019est la voix royale de l\u2019auto-lib\u00e9ration et du progr\u00e8s!<\/p>\n<p>Si aujourd\u2019hui en Europe en parle de la \u201ccrise de la d\u00e9mocratie repr\u00e9sentative\u201d, il est \u00e9vident que la d\u00e9mocratie repr\u00e9sentative du multipartisme int\u00e9gral import\u00e9 et impos\u00e9 en Afrique a \u00e9chou\u00e9. Une PROPOSITION ALTERNATIVE fera l\u2019objet d\u2019une tribune suivie d\u2019une conf\u00e9rence de presse tr\u00e8s prochainement.<\/p>\n<p>La Patrie au-dessus de Parti!<\/p>\n<p>A.K.B<\/p>\n","protected":false},"excerpt":{"rendered":"<p>Nous devons avoir le courage de remettre en cause ce qui n\u2019a pas march\u00e9? Nous devons avoir le courage de nous interroger! La n\u00e9gation de la n\u00e9gation est le moteur du progr\u00e8s. Le mod\u00e8le de d\u00e9mocratie repr\u00e9sentative du multipartisme int\u00e9gral ne nous a apport\u00e9 que division, d\u00e9sordre et d\u00e9solation. Divisions ethniques, crises pr\u00e9-\u00e9lectorales et post-\u00e9lectorales [&hellip;]<\/p>\n","protected":false},"author":2,"featured_media":30070,"comment_status":"open","ping_status":"closed","sticky":false,"template":"","format":"standard","meta":{"buzzeditor_post_format":"","footnotes":""},"categories":[2],"tags":[],"class_list":["post-30069","post","type-post","status-publish","format-standard","has-post-thumbnail","hentry","category-featured"],"jetpack_featured_media_url":"https:\/\/guineechrono.com\/wp-content\/uploads\/2022\/07\/kolla.jpg","amp_enabled":true,"_links":{"self":[{"href":"https:\/\/guineechrono.com\/index.php\/wp-json\/wp\/v2\/posts\/30069","targetHints":{"allow":["GET"]}}],"collection":[{"href":"https:\/\/guineechrono.com\/index.php\/wp-json\/wp\/v2\/posts"}],"about":[{"href":"https:\/\/guineechrono.com\/index.php\/wp-json\/wp\/v2\/types\/post"}],"author":[{"embeddable":true,"href":"https:\/\/guineechrono.com\/index.php\/wp-json\/wp\/v2\/users\/2"}],"replies":[{"embeddable":true,"href":"https:\/\/guineechrono.com\/index.php\/wp-json\/wp\/v2\/comments?post=30069"}],"version-history":[{"count":0,"href":"https:\/\/guineechrono.com\/index.php\/wp-json\/wp\/v2\/posts\/30069\/revisions"}],"wp:featuredmedia":[{"embeddable":true,"href":"https:\/\/guineechrono.com\/index.php\/wp-json\/wp\/v2\/media\/30070"}],"wp:attachment":[{"href":"https:\/\/guineechrono.com\/index.php\/wp-json\/wp\/v2\/media?parent=30069"}],"wp:term":[{"taxonomy":"category","embeddable":true,"href":"https:\/\/guineechrono.com\/index.php\/wp-json\/wp\/v2\/categories?post=30069"},{"taxonomy":"post_tag","embeddable":true,"href":"https:\/\/guineechrono.com\/index.php\/wp-json\/wp\/v2\/tags?post=30069"}],"curies":[{"name":"wp","href":"https:\/\/api.w.org\/{rel}","templated":true}]}}