{"id":30193,"date":"2023-03-25T12:45:33","date_gmt":"2023-03-25T11:45:33","guid":{"rendered":"https:\/\/guineechrono.com\/?p=30193"},"modified":"2023-03-25T12:45:33","modified_gmt":"2023-03-25T11:45:33","slug":"ramadan-2023-grace-au-colonel-mamadi-doumbouya-la-mosquee-faycal-souvre-enfin-aux-fideles-musulmanspar-mandian-sidibe","status":"publish","type":"post","link":"https:\/\/guineechrono.com\/index.php\/ramadan-2023-grace-au-colonel-mamadi-doumbouya-la-mosquee-faycal-souvre-enfin-aux-fideles-musulmanspar-mandian-sidibe\/","title":{"rendered":"Ramadan 2023 : Gr\u00e2ce au Colonel Mamadi Doumbouya, la mosqu\u00e9e Fay\u00e7al s\u2019ouvre enfin aux fid\u00e8les musulmans\u2026(Par Mandian Sidib\u00e9)"},"content":{"rendered":"<p>Le Pr\u00e9sident de la R\u00e9publique, Chef de l\u2019\u00c9tat, Chef Supr\u00eame des Forces Arm\u00e9es guin\u00e9ennes, Son Excellence le Colonel Mamadi Doumbouya, en bon et fid\u00e8le croyant soumis \u00e0 la volont\u00e9 du Tr\u00e8s Haut, avait fait de la finition des travaux de r\u00e9paration de la grande Mosqu\u00e9e Fay\u00e7al de Conakry, l\u2019\u00e9picentre de ses pr\u00e9occupations majeures et y tenait comme \u00e0 la prunelle de ses yeux. La volont\u00e9 et l\u2019impatience du p\u00e8re de la Nation de voir cette maison de Dieu de 13 000 places op\u00e9rationnelle dans les meilleurs d\u00e9lais se sont concr\u00e9tis\u00e9es.<\/p>\n<p>En effet, ce Mercredi 22 Mars 2023, \u00e0 la veille du je\u00fbne musulman, la plus grande mosqu\u00e9e du pays s\u2019ouvre \u00e0 la Guin\u00e9e et aux fid\u00e8les musulmans. Elle a \u00e9t\u00e9 officiellement inaugur\u00e9e apr\u00e8s quatre longues ann\u00e9es de travaux lanc\u00e9s puis interrompus. Et, il aura fallu l\u2019arriv\u00e9e du Colonel Mamadi Doumbouya pour les reprendre et les concr\u00e9tiser en quelques mois. Le souffle et le soutien du Tout Puissant y sont \u00e9videmment pour quelque chose.<\/p>\n<p>Aussi, le Chef de l\u2019\u00c9tat, le Pr\u00e9sident-b\u00e2tisseur qui \u00e9tait vivement attendu sur les lieux s\u2019est-il finalement fait repr\u00e9senter \u00e0 cette grande c\u00e9r\u00e9monie par son Premier ministre, Docteur Bernard Gomou. Outre le ma\u00eetre du Palais de la Colombe, plusieurs grandes personnalit\u00e9s \u00e9taient au rendez-vous.<\/p>\n<p>In fine, gr\u00e2ce \u00e0 l\u2019implication personnelle et le suivi permanent du Pr\u00e9sident de la R\u00e9publique, Son Excellence le Colonel Mamadi Doumbouya, l\u2019entreprise en charge des travaux de r\u00e9novation a donn\u00e9 un v\u00e9ritable coup d\u2019acc\u00e9l\u00e9rateur \u00e0 la r\u00e9paration de cette maison de Dieu construite entre 1979 et 1981 sous le magist\u00e8re du P\u00e8re de l\u2019ind\u00e9pendance de notre pays, feu Ahmed S\u00e9kou Tour\u00e9 en l\u2019occurrence.<\/p>\n<p>Il est vrai que face au retard anormal sur les obligations contratractuelles, le Colonel-lib\u00e9rateur-b\u00e2tisseur fut oblig\u00e9 de taper du poing sur la table. Pour le b\u00e2tisseur et croyant dans l\u2019\u00e2me, le Colonel Mamadi Doumbouya, ce retard est inacceptable et intol\u00e9rable.<\/p>\n<p>Dans la foul\u00e9e, le Chef Supr\u00eame des Forces Arm\u00e9es, d\u00e9cide de prendre en main la situation pr\u00e9occupante de la grande Mosqu\u00e9e Fay\u00e7al. Homme d\u2019actions aux r\u00e9sultats visibles, tangibles et concrets, il exige le respect sans condition du cahier de charges. Ce qui fut aussit\u00f4t ex\u00e9cut\u00e9 par l\u2019entreprise \u00ab\u00a0Youla et Fr\u00e8res\u00a0\u00bb.<\/p>\n<p>Une fois de plus, sous la clairvoyance, le patriotisme, l\u2019int\u00e9grit\u00e9 et le sens \u00e9lev\u00e9 du devoir du Pr\u00e9sident Mamadi Doumbouya, les Guin\u00e9ens savent d\u00e9sormais que rien ne sera plus comme avant en Guin\u00e9e. C\u2019est tout \u00e0 l\u2019honneur de l\u2019enfant prodige de Kankan et Dieu le revaudra pour cette action de croyant d\u00e9vou\u00e9. Qu\u2019il en soit ainsi. Amen !<\/p>\n<p><strong>Mandian SIDIB\u00c9<\/strong><\/p>\n<p><strong>Journaliste<\/strong><\/p>\n","protected":false},"excerpt":{"rendered":"<p>Le Pr\u00e9sident de la R\u00e9publique, Chef de l\u2019\u00c9tat, Chef Supr\u00eame des Forces Arm\u00e9es guin\u00e9ennes, Son Excellence le Colonel Mamadi Doumbouya, en bon et fid\u00e8le croyant soumis \u00e0 la volont\u00e9 du Tr\u00e8s Haut, avait fait de la finition des travaux de r\u00e9paration de la grande Mosqu\u00e9e Fay\u00e7al de Conakry, l\u2019\u00e9picentre de ses pr\u00e9occupations majeures et y [&hellip;]<\/p>\n","protected":false},"author":2,"featured_media":30194,"comment_status":"open","ping_status":"closed","sticky":false,"template":"","format":"standard","meta":{"buzzeditor_post_format":"","footnotes":""},"categories":[42],"tags":[],"class_list":["post-30193","post","type-post","status-publish","format-standard","has-post-thumbnail","hentry","category-news"],"jetpack_featured_media_url":"https:\/\/guineechrono.com\/wp-content\/uploads\/2023\/03\/mosques.jpg","amp_enabled":true,"_links":{"self":[{"href":"https:\/\/guineechrono.com\/index.php\/wp-json\/wp\/v2\/posts\/30193","targetHints":{"allow":["GET"]}}],"collection":[{"href":"https:\/\/guineechrono.com\/index.php\/wp-json\/wp\/v2\/posts"}],"about":[{"href":"https:\/\/guineechrono.com\/index.php\/wp-json\/wp\/v2\/types\/post"}],"author":[{"embeddable":true,"href":"https:\/\/guineechrono.com\/index.php\/wp-json\/wp\/v2\/users\/2"}],"replies":[{"embeddable":true,"href":"https:\/\/guineechrono.com\/index.php\/wp-json\/wp\/v2\/comments?post=30193"}],"version-history":[{"count":0,"href":"https:\/\/guineechrono.com\/index.php\/wp-json\/wp\/v2\/posts\/30193\/revisions"}],"wp:featuredmedia":[{"embeddable":true,"href":"https:\/\/guineechrono.com\/index.php\/wp-json\/wp\/v2\/media\/30194"}],"wp:attachment":[{"href":"https:\/\/guineechrono.com\/index.php\/wp-json\/wp\/v2\/media?parent=30193"}],"wp:term":[{"taxonomy":"category","embeddable":true,"href":"https:\/\/guineechrono.com\/index.php\/wp-json\/wp\/v2\/categories?post=30193"},{"taxonomy":"post_tag","embeddable":true,"href":"https:\/\/guineechrono.com\/index.php\/wp-json\/wp\/v2\/tags?post=30193"}],"curies":[{"name":"wp","href":"https:\/\/api.w.org\/{rel}","templated":true}]}}