{"id":30510,"date":"2023-04-30T23:21:27","date_gmt":"2023-04-30T22:21:27","guid":{"rendered":"https:\/\/guineechrono.com\/?p=30510"},"modified":"2023-04-30T23:21:27","modified_gmt":"2023-04-30T22:21:27","slug":"ecosoc-le-forum-annuel-des-jeunes-du-conseil-economique-et-social-ecosoc-25-au-27-avril-2023","status":"publish","type":"post","link":"https:\/\/guineechrono.com\/index.php\/ecosoc-le-forum-annuel-des-jeunes-du-conseil-economique-et-social-ecosoc-25-au-27-avril-2023\/","title":{"rendered":"ECOSOC : Le Forum Annuel des Jeunes du Conseil \u00c9conomique et Social (ECOSOC), 25 au 27 Avril 2023"},"content":{"rendered":"<p>Le Forum annuel des jeunes du Conseil \u00e9conomique et social (ECOSOC) 2023 s\u2019est d\u00e9roul\u00e9 sur trois jours du 25 au 27 avril 2023, guid\u00e9 par le th\u00e8me du HLPF 2023 sur \u00ab Acc\u00e9l\u00e9rer la reprise apr\u00e8s la maladie \u00e0 coronavirus (COVID-19) et la mise en \u0153uvre int\u00e9grale de l\u2019Agenda 2030 pour le d\u00e9veloppement durable \u00e0 tous les niveaux \u00bb. Les jeunes auront la possibilit\u00e9 de pr\u00e9senter leur \u00e9valuation, leur vision et leurs recommandations \u00e0 l\u2019examen des \u00c9tats membres avant le Sommet des ODD en septembre 2023.<\/p>\n<p>Le Forum des jeunes se d\u00e9roule dans un monde confront\u00e9 \u00e0 des tensions g\u00e9opolitiques, une crise climatique incessante, une pauvret\u00e9 et des in\u00e9galit\u00e9s croissantes ainsi qu\u2019une reprise lente et in\u00e9gale apr\u00e8s la pand\u00e9mie de COVID-19. Dans ce contexte, le Forum est une opportunit\u00e9 pour les jeunes d\u2019exprimer leurs points de vue, leurs pr\u00e9occupations et de galvaniser les actions sur la fa\u00e7on de transformer le monde en un endroit plus juste, plus vert et plus durable guid\u00e9 par les objectifs de d\u00e9veloppement durable (ODD).<\/p>\n<p><a href=\"https:\/\/guineechrono.com\/wp-content\/uploads\/2023\/04\/yyy.jpeg\"><img decoding=\"async\" class=\"alignnone size-medium wp-image-30512\" src=\"https:\/\/guineechrono.com\/wp-content\/uploads\/2023\/04\/yyy-300x146.jpeg\" alt=\"\" width=\"300\" height=\"146\" srcset=\"https:\/\/guineechrono.com\/wp-content\/uploads\/2023\/04\/yyy-300x146.jpeg 300w, https:\/\/guineechrono.com\/wp-content\/uploads\/2023\/04\/yyy-1024x498.jpeg 1024w, https:\/\/guineechrono.com\/wp-content\/uploads\/2023\/04\/yyy-768x374.jpeg 768w, https:\/\/guineechrono.com\/wp-content\/uploads\/2023\/04\/yyy-533x261.jpeg 533w, https:\/\/guineechrono.com\/wp-content\/uploads\/2023\/04\/yyy-696x338.jpeg 696w, https:\/\/guineechrono.com\/wp-content\/uploads\/2023\/04\/yyy-1068x519.jpeg 1068w, https:\/\/guineechrono.com\/wp-content\/uploads\/2023\/04\/yyy-864x420.jpeg 864w, https:\/\/guineechrono.com\/wp-content\/uploads\/2023\/04\/yyy.jpeg 1536w\" sizes=\"(max-width: 300px) 100vw, 300px\" \/><\/a><\/p>\n<p>Le Forum des jeunes de l\u2019ECOSOC est devenu une plate-forme cl\u00e9 o\u00f9 les jeunes, les repr\u00e9sentants gouvernementaux de haut niveau et d\u2019autres parties prenantes contribuent aux discussions politiques \u00e0 travers leurs id\u00e9es, solutions et innovations pour acc\u00e9l\u00e9rer la mise en \u0153uvre des ODD. Il sera li\u00e9 aux processus et \u00e9v\u00e9nements cl\u00e9s des Nations Unies en 2023, en particulier le Forum politique de haut niveau des Nations Unies sur le d\u00e9veloppement durable (HLPF) sous les auspices de l\u2019ECOSOC en juillet 2023, et le Sommet des ODD, en septembre 2023 au niveau des chefs d\u2019\u00c9tat et de gouvernement. Le Sommet sur les ODD visera \u00e0 identifier les actions ambitieuses et transformatrices n\u00e9cessaires pour regagner le terrain perdu dans la r\u00e9alisation des ODD en raison du COVID-19 et des crises actuelles, ainsi qu\u2019\u00e0 renforcer l\u2019engagement, l\u2019\u00e9nergie et l\u2019enthousiasme pour un multilat\u00e9ralisme et une solidarit\u00e9 plus inclusifs et efficaces.<\/p>\n<p><a href=\"https:\/\/guineechrono.com\/wp-content\/uploads\/2023\/04\/yyyy.jpeg\"><img decoding=\"async\" class=\"alignnone size-medium wp-image-30513\" src=\"https:\/\/guineechrono.com\/wp-content\/uploads\/2023\/04\/yyyy-300x131.jpeg\" alt=\"\" width=\"300\" height=\"131\" srcset=\"https:\/\/guineechrono.com\/wp-content\/uploads\/2023\/04\/yyyy-300x131.jpeg 300w, https:\/\/guineechrono.com\/wp-content\/uploads\/2023\/04\/yyyy-768x334.jpeg 768w, https:\/\/guineechrono.com\/wp-content\/uploads\/2023\/04\/yyyy-696x303.jpeg 696w, https:\/\/guineechrono.com\/wp-content\/uploads\/2023\/04\/yyyy.jpeg 850w\" sizes=\"(max-width: 300px) 100vw, 300px\" \/><\/a><\/p>\n<p>Le Forum sera convoqu\u00e9 par le Pr\u00e9sident de l\u2019ECOSOC avec le soutien du D\u00e9partement des affaires \u00e9conomiques et sociales (DESA), du Bureau de l\u2019Envoy\u00e9 du Secr\u00e9taire g\u00e9n\u00e9ral pour la jeunesse (OSGEY), du R\u00e9seau interinstitutions des Nations Unies pour le d\u00e9veloppement de la jeunesse (IANYD ), le Groupe majeur pour les enfants et les jeunes (MGCY) et la R\u00e9union internationale de coordination des organisations de jeunesse (ICMYO), avec des contributions techniques d\u2019organisations dirig\u00e9es par des jeunes et ax\u00e9es sur les jeunes en rapport avec le th\u00e8me du forum.<\/p>\n<p>Les objectifs de ce forum mondial des jeunes de l\u2019\u00c9cosoc \u00e9tait ax\u00e9 sur :<\/p>\n<ul>\n<li>Mobiliser les jeunes pour acc\u00e9l\u00e9rer les efforts de r\u00e9tablissement et de reconstruction apr\u00e8s la COVID-19 et se rassembler autour d\u2019actions, d\u2019initiatives et d\u2019efforts de leadership qui devraient \u00eatre reconnus, c\u00e9l\u00e9br\u00e9s et intensifi\u00e9s pour atteindre les ODD au cours de la D\u00e9cennie d\u2019action.<\/li>\n<li>Fournir une plate-forme permettant aux jeunes de s\u2019engager de mani\u00e8re significative dans un dialogue avec les \u00c9tats membres et les entit\u00e9s des Nations Unies sur les voies transformatrices pour r\u00e9aliser le d\u00e9veloppement durable.<\/li>\n<li>Partager les connaissances, les comp\u00e9tences et les le\u00e7ons apprises dans la r\u00e9alisation des droits et du bien-\u00eatre des jeunes en promouvant la mise en \u0153uvre acc\u00e9l\u00e9r\u00e9e de l\u2019Agenda 2030 et en garantissant la participation et l\u2019engagement significatifs des jeunes dans l\u2019\u00e9laboration et la mise en \u0153uvre des politiques.<\/li>\n<li>Pr\u00e9senter des id\u00e9es et des solutions \u2013 et pr\u00e9senter des initiatives innovantes et des actions individuelles et collectives des jeunes et d\u2019autres \u2013 pour faire progresser les ODD sur la base d\u2019exp\u00e9riences nationales, r\u00e9gionales et mondiales.<\/li>\n<li>R\u00e9unir des jeunes pour discuter des contributions aux pr\u00e9paratifs du Sommet des ODD 2023 en tant qu\u2019examen \u00e0 mi-parcours de la mise en \u0153uvre de l\u2019Agenda 2030.<\/li>\n<li>Discuter et rendre compte des progr\u00e8s de la mise en \u0153uvre de la Strat\u00e9gie des Nations Unies pour la jeunesse, Jeunesse 2030\u00a0: Travailler avec et pour les jeunes, et d\u2019autres questions li\u00e9es aux jeunes, y compris le partage d\u2019informations sur les plans de mesure et de suivi de son impact au niveau national, r\u00e9gional et mondial niveaux et compte tenu du r\u00f4le que les jeunes et les organisations de jeunesse peuvent jouer dans la mise en \u0153uvre de la strat\u00e9gie.<\/li>\n<\/ul>\n<p>Les jeunes \u00e9taient particuli\u00e8rement vuln\u00e9rables aux cons\u00e9quences socio-\u00e9conomiques \u00e0 long terme de la pand\u00e9mie de COVID-19, avec des perturbations majeures de l\u2019\u00e9ducation, de la formation et de l\u2019emploi. Bien qu\u2019ils soient touch\u00e9s de mani\u00e8re disproportionn\u00e9e, les jeunes ont fait preuve de r\u00e9silience et d\u2019ing\u00e9niosit\u00e9, et ont d\u00e9montr\u00e9 qu\u2019ils sont des acteurs cl\u00e9s pour fa\u00e7onner une soci\u00e9t\u00e9 plus juste, R\u00e9unir des jeunes pour discuter des contributions aux pr\u00e9paratifs du Sommet des ODD 2023 en tant qu\u2019examen \u00e0 mi-parcours de la mise en \u0153uvre de l\u2019Agenda 2030.<\/p>\n<p>avenir plus vert et plus r\u00e9silient. Avec leur force, leur intelligence, leur d\u00e9termination et leur courage, ils agissent non seulement comme des acteurs du changement dans la lutte contre le COVID-19, mais aussi comme des changeurs de jeu mettant en \u0153uvre les ODD. Les discussions porteront \u00e9galement sur des actions concr\u00e8tes et des recommandations pour un engagement renforc\u00e9 de la communaut\u00e9 internationale envers les aspirations des jeunes dans la mise en \u0153uvre des ODD examin\u00e9s au HLPF en juillet 2023, parmi lesquelles:<\/p>\n<p>\u2013 L\u2019ODD 6, \u00ab\u00a0Assurer un acc\u00e8s universel et \u00e9quitable \u00e0 l\u2019eau potable et \u00e0 l\u2019hygi\u00e8ne pour tous\u00a0\u00bb est au c\u0153ur des efforts des jeunes pour construire des communaut\u00e9s durables et r\u00e9silientes. Avec environ la moiti\u00e9 des populations rurales des PMA qui n\u2019ont pas acc\u00e8s \u00e0 un service d\u2019eau potable de base1, la charge d\u2019aller chercher de l\u2019eau sur de longues distances incombe principalement aux jeunes femmes et aux filles. Comme l\u2019eau est li\u00e9e \u00e0 l\u2019assainissement et \u00e0 l\u2019hygi\u00e8ne, les PMA, avec leurs populations plus jeunes3, voient leurs jeunes \u00e0 risque de cons\u00e9quences sanitaires qui se traduisent souvent par des impacts \u00e9conomiques. Les jeunes ont fait preuve d\u2019approches innovantes pour faire avancer les efforts sur l\u2019ODD 6\u00a0; ceux-ci doivent \u00eatre exploit\u00e9s et soutenus par des investissements suppl\u00e9mentaires et un soutien technique.<\/p>\n<p>\u2013 L\u2019ODD 7, \u00ab Garantir l\u2019acc\u00e8s \u00e0 une \u00e9nergie abordable, fiable, durable et moderne pour tous \u00bb souligne le fait que l\u2019\u00e9nergie durable est n\u00e9cessaire pour l\u2019acc\u00e8s \u00e0 plusieurs services \u00e9troitement li\u00e9s au d\u00e9veloppement et au bien-\u00eatre des jeunes. Cela inclut les services d\u2019\u00e9ducation, car il existe un lien entre les faibles niveaux d\u2019acc\u00e8s \u00e0 l\u2019\u00e9lectricit\u00e9 et les mauvais r\u00e9sultats scolaires et la baisse de la fr\u00e9quentation7. L\u2019\u00e9nergie durable est \u00e9galement li\u00e9e \u00e0 des avantages pour la sant\u00e9, car la pollution int\u00e9rieure caus\u00e9e par des sources d\u2019\u00e9nergie non durables peut affecter le cerveau et les poumons des jeunes avec des cons\u00e9quences \u00e0 vie, y compris sur leur capacit\u00e9 \u00e0 saisir les opportunit\u00e9s \u00e9ducatives et \u00e9conomiques. Bien que l\u2019ODD 7 n\u2019inclue pas d\u2019indicateurs ventil\u00e9s par \u00e2ge9, les jeunes sont pleinement conscients de l\u2019importance de l\u2019\u00e9nergie durable pour assurer la survie de la plan\u00e8te et ont pris des mesures drastiques pour soutenir l\u2019ODD 7. Entre autres choses, un engagement accru des jeunes dans les processus ax\u00e9s sur l\u2019\u00e9nergie aux niveaux national, r\u00e9gional et international est essentiel pour atteindre l\u2019ODD 7.<\/p>\n<p>\u2013 L\u2019ODD 9, \u00ab\u00a0Construire des infrastructures r\u00e9silientes, promouvoir une industrialisation inclusive et durable et favoriser l\u2019innovation\u00a0\u00bb, sous-tend d\u2019innombrables aspects du d\u00e9veloppement \u00e9conomique et social. En particulier, les progr\u00e8s scientifiques et technologiques ainsi que les mod\u00e8les industriels et commerciaux responsables, associ\u00e9s \u00e0 la capacit\u00e9 d\u2019innovation et d\u2019inclusion des jeunes, repr\u00e9sentent un outil puissant pour faire progresser l\u2019ODD 9 ainsi que l\u2019ensemble du Programme 203010. Les jeunes d\u00e9montrent de plus en plus leur capacit\u00e9 \u00e0 utiliser les technologies pour g\u00e9n\u00e9rer un plus grand bien public, y compris dans le monde num\u00e9rique (par exemple, les biens communs num\u00e9riques, qui sont la distribution ouverte et la propri\u00e9t\u00e9 partag\u00e9e de l\u2019information, des ressources et des technologies). En outre, les appels des jeunes \u00e0 veiller \u00e0 ce que les investissements dans les infrastructures soient centr\u00e9s sur les personnes doivent \u00eatre entendus et soutenus.<\/p>\n<p>\u2013 L\u2019ODD 11, \u00ab\u00a0Faire en sorte que les villes soient inclusives, s\u00fbres, r\u00e9silientes et durables\u00a0\u00bb, est particuli\u00e8rement important pour les jeunes car la grande majorit\u00e9 d\u2019entre eux vit dans des zones urbanis\u00e9es. Si les villes sont des moteurs de la croissance \u00e9conomique, elles sont \u00e9galement responsables de plus de 70 % des \u00e9missions mondiales de gaz \u00e0 effet de serre11. Trop souvent, les plans et politiques de d\u00e9veloppement urbain ne tiennent pas compte de la r\u00e9alit\u00e9 des jeunes et peuvent donc les exclure de diverses opportunit\u00e9s ou les emp\u00eacher d\u2019acc\u00e9der aux services dont ils ont besoin pour atteindre leur plein potentiel. Par exemple, la p\u00e9nurie de logements abordables, l\u2019acc\u00e8s limit\u00e9 aux services de sant\u00e9 et sociaux, le manque d\u2019espaces s\u00fbrs, les niveaux \u00e9lev\u00e9s de pollution, etc. \u00e9touffent profond\u00e9ment le d\u00e9veloppement des jeunes et peuvent conduire \u00e0 l\u2019isolement et \u00e0 la pauvret\u00e9. Les jeunes r\u00e9clament des politiques urbaines inclusives et l\u2019acc\u00e8s \u00e0 un espace qui les accueille pour contribuer \u00e0 la construction de villes durables.<\/p>\n<p>\u2013 L\u2019ODD 17, \u00ab\u00a0Revitaliser les partenariats mondiaux pour le d\u00e9veloppement durable\u00a0\u00bb, souligne que la r\u00e9alisation de l\u2019Agenda 2030 au cours des 7 prochaines ann\u00e9es n\u00e9cessitera des partenariats solides entre les jeunes et toutes les parties prenantes pour garantir que les besoins des jeunes sont pris en compte et que des environnements favorables sont cr\u00e9\u00e9s pour que ces partenariats puissent prosp\u00e9rer et que les jeunes puissent contribuer et participer de mani\u00e8re significative \u00e0 tous les niveaux de prise de d\u00e9cision. Dans ce contexte, il faudra comprendre les d\u00e9fis sp\u00e9cifiques auxquels les jeunes sont confront\u00e9s, ainsi que les opportunit\u00e9s particuli\u00e8res qu\u2019ils offrent, notamment gr\u00e2ce \u00e0 leur \u00e9nergie, leur cr\u00e9ativit\u00e9, leur innovation et leur connectivit\u00e9.<\/p>\n<p>&nbsp;<\/p>\n<h3>Votre M\u00e9dia: <strong>Groupe M\u00e9dia Afrique Environnement, 1\u00e9r M\u00e9dia Panafricain de l\u2019\u00c9cologie.<\/strong><\/h3>\n<p>&nbsp;<\/p>\n","protected":false},"excerpt":{"rendered":"<p>Le Forum annuel des jeunes du Conseil \u00e9conomique et social (ECOSOC) 2023 s\u2019est d\u00e9roul\u00e9 sur trois jours du 25 au 27 avril 2023, guid\u00e9 par le th\u00e8me du HLPF 2023 sur \u00ab Acc\u00e9l\u00e9rer la reprise apr\u00e8s la maladie \u00e0 coronavirus (COVID-19) et la mise en \u0153uvre int\u00e9grale de l\u2019Agenda 2030 pour le d\u00e9veloppement durable \u00e0 [&hellip;]<\/p>\n","protected":false},"author":2,"featured_media":30511,"comment_status":"open","ping_status":"closed","sticky":false,"template":"","format":"standard","meta":{"buzzeditor_post_format":"","footnotes":""},"categories":[42],"tags":[],"class_list":["post-30510","post","type-post","status-publish","format-standard","has-post-thumbnail","hentry","category-news"],"jetpack_featured_media_url":"https:\/\/guineechrono.com\/wp-content\/uploads\/2023\/04\/yy.jpeg","amp_enabled":true,"_links":{"self":[{"href":"https:\/\/guineechrono.com\/index.php\/wp-json\/wp\/v2\/posts\/30510","targetHints":{"allow":["GET"]}}],"collection":[{"href":"https:\/\/guineechrono.com\/index.php\/wp-json\/wp\/v2\/posts"}],"about":[{"href":"https:\/\/guineechrono.com\/index.php\/wp-json\/wp\/v2\/types\/post"}],"author":[{"embeddable":true,"href":"https:\/\/guineechrono.com\/index.php\/wp-json\/wp\/v2\/users\/2"}],"replies":[{"embeddable":true,"href":"https:\/\/guineechrono.com\/index.php\/wp-json\/wp\/v2\/comments?post=30510"}],"version-history":[{"count":0,"href":"https:\/\/guineechrono.com\/index.php\/wp-json\/wp\/v2\/posts\/30510\/revisions"}],"wp:featuredmedia":[{"embeddable":true,"href":"https:\/\/guineechrono.com\/index.php\/wp-json\/wp\/v2\/media\/30511"}],"wp:attachment":[{"href":"https:\/\/guineechrono.com\/index.php\/wp-json\/wp\/v2\/media?parent=30510"}],"wp:term":[{"taxonomy":"category","embeddable":true,"href":"https:\/\/guineechrono.com\/index.php\/wp-json\/wp\/v2\/categories?post=30510"},{"taxonomy":"post_tag","embeddable":true,"href":"https:\/\/guineechrono.com\/index.php\/wp-json\/wp\/v2\/tags?post=30510"}],"curies":[{"name":"wp","href":"https:\/\/api.w.org\/{rel}","templated":true}]}}