{"id":30549,"date":"2023-05-05T07:38:33","date_gmt":"2023-05-05T06:38:33","guid":{"rendered":"https:\/\/guineechrono.com\/?p=30549"},"modified":"2023-05-05T07:38:33","modified_gmt":"2023-05-05T06:38:33","slug":"gsef-2023-a-dakar-la-guinee-honoree-par-le-maire-barthelemy-toye-dias","status":"publish","type":"post","link":"https:\/\/guineechrono.com\/index.php\/gsef-2023-a-dakar-la-guinee-honoree-par-le-maire-barthelemy-toye-dias\/","title":{"rendered":"GSEF 2023 \u00e0 Dakar : la Guin\u00e9e honor\u00e9e par le  Maire Barth\u00e9l\u00e9my Toye Dias"},"content":{"rendered":"<p><strong>La capitale s\u00e9n\u00e9galaise a abrit\u00e9 la 6<sup>\u00e8me<\/sup> \u00e9dition du forum mondial de l\u2019\u00e9conomie social et solidaire du 1<sup>er<\/sup> au 6 mai 2023 \u00e0 Dakar. Une rencontre qui a regroup\u00e9 vingt pays et plus de 2 000 participants venant dans tous les continents du Monde.<\/strong><\/p>\n<p>Ce jeudi 04 mai 2023, dans la salle du grand th\u00e9\u00e2tre national en pr\u00e9sence du pr\u00e9sident de la r\u00e9publique du S\u00e9n\u00e9gal, \u00a0le Maire de Dakar, Barthelemy Toye Dias a invit\u00e9 aux africains d\u2019entreprendre, en prenant l\u2019exemple sur Mariama, une jeune fille entrepreneuse guin\u00e9enne, \u00e2g\u00e9e de 24 ans.<\/p>\n<p>Selon le maire de la ville de Dakar, cette jeune fille guin\u00e9enne, est un mod\u00e8le de r\u00e9ussite. \u00ab\u00a0Permettez-moi de partager avec vous des exemples, des exemples particuli\u00e8rement \u00a0celui \u00a0d\u2019une jeune fille Mariama, entrepreneuse guin\u00e9enne de 24 ans, qui a cr\u00e9\u00e9 une plateforme en ligne et une application mobile qui permettent aux clients d\u2019acheter et de r\u00e9parer les appareils \u00e9lectrom\u00e9nagers, en entrant directement en contact des techniciens\u00a0\u00bb.<\/p>\n<p>Aux dires du Maire, Mariama a \u00e9t\u00e9 s\u00e9lectionn\u00e9 parmi les 100 gagnants de tr\u00e8s convoit\u00e9 concours de plan d\u2019affaire organis\u00e9 par le projet \u2018\u2019Boustiss, employabilit\u00e9\u2019\u2019, financ\u00e9 par la Banque mondiale \u00e0 hauteur de 20 millions de dollars.<\/p>\n<p>\u00ab\u00a0Ce projet vise \u00e0 am\u00e9liorer des possibilit\u00e9s d\u2019emploi et l\u2019employabilit\u00e9 des jeunes guin\u00e9ens. Combien d\u2019autre Mariamas existent\u00a0? Elles sont pr\u00e9sentes dans cette salle, attendant d\u2019\u00eatre d\u00e9couvertes et autonomis\u00e9es. \u00a0Nous avons d\u2019autres Mariamas au S\u00e9n\u00e9gal, au Kenya, en Afrique du Sud, au Maroc, j\u2019en pense\u00a0\u00bb.<\/p>\n<p>Poursuivant, il a rappel\u00e9 que le num\u00e9rique constitue un v\u00e9ritable vivier d\u2019opportunit\u00e9 avec plus de 5 millions d\u2019emplois \u00e0 pourvoir dans le monde. \u00a0\u00ab\u00a0La demande de comp\u00e9tence num\u00e9rique en Afrique devrait exploser dans les ann\u00e9es \u00e0 venir. L\u2019enjeu demeure la formation des jeunes africains pour se pr\u00e9parer \u00e0 saisir ces opportunit\u00e9s contre le march\u00e9 global, plus de 10 millions de poste \u00e0 pourvoir dans la sant\u00e9 \u00e0 travers le monde. Ce chiffre constitue une autre opportunit\u00e9 \u00e0 saisir et \u00e0 consid\u00e9rer\u00a0\u00bb.<\/p>\n<p>Pour Barthelemy Dias, la priorit\u00e9 des priorit\u00e9s en Afrique reste l\u2019Agro-Business, non seulement pour relever le d\u00e9fi de la souverainet\u00e9 alimentaire mais aussi, parce que c\u2019est un important pourvoyeur d\u2019emploi.<\/p>\n<p><strong>Depuis Dakar Aboubacar Camara <\/strong><\/p>\n","protected":false},"excerpt":{"rendered":"<p>La capitale s\u00e9n\u00e9galaise a abrit\u00e9 la 6\u00e8me \u00e9dition du forum mondial de l\u2019\u00e9conomie social et solidaire du 1er au 6 mai 2023 \u00e0 Dakar. Une rencontre qui a regroup\u00e9 vingt pays et plus de 2 000 participants venant dans tous les continents du Monde. Ce jeudi 04 mai 2023, dans la salle du grand th\u00e9\u00e2tre [&hellip;]<\/p>\n","protected":false},"author":2,"featured_media":30550,"comment_status":"open","ping_status":"closed","sticky":false,"template":"","format":"standard","meta":{"buzzeditor_post_format":"","footnotes":""},"categories":[42],"tags":[],"class_list":["post-30549","post","type-post","status-publish","format-standard","has-post-thumbnail","hentry","category-news"],"jetpack_featured_media_url":"https:\/\/guineechrono.com\/wp-content\/uploads\/2023\/05\/dakar.jpg","amp_enabled":true,"_links":{"self":[{"href":"https:\/\/guineechrono.com\/index.php\/wp-json\/wp\/v2\/posts\/30549","targetHints":{"allow":["GET"]}}],"collection":[{"href":"https:\/\/guineechrono.com\/index.php\/wp-json\/wp\/v2\/posts"}],"about":[{"href":"https:\/\/guineechrono.com\/index.php\/wp-json\/wp\/v2\/types\/post"}],"author":[{"embeddable":true,"href":"https:\/\/guineechrono.com\/index.php\/wp-json\/wp\/v2\/users\/2"}],"replies":[{"embeddable":true,"href":"https:\/\/guineechrono.com\/index.php\/wp-json\/wp\/v2\/comments?post=30549"}],"version-history":[{"count":0,"href":"https:\/\/guineechrono.com\/index.php\/wp-json\/wp\/v2\/posts\/30549\/revisions"}],"wp:featuredmedia":[{"embeddable":true,"href":"https:\/\/guineechrono.com\/index.php\/wp-json\/wp\/v2\/media\/30550"}],"wp:attachment":[{"href":"https:\/\/guineechrono.com\/index.php\/wp-json\/wp\/v2\/media?parent=30549"}],"wp:term":[{"taxonomy":"category","embeddable":true,"href":"https:\/\/guineechrono.com\/index.php\/wp-json\/wp\/v2\/categories?post=30549"},{"taxonomy":"post_tag","embeddable":true,"href":"https:\/\/guineechrono.com\/index.php\/wp-json\/wp\/v2\/tags?post=30549"}],"curies":[{"name":"wp","href":"https:\/\/api.w.org\/{rel}","templated":true}]}}