{"id":30555,"date":"2023-05-05T08:55:02","date_gmt":"2023-05-05T07:55:02","guid":{"rendered":"https:\/\/guineechrono.com\/?p=30555"},"modified":"2023-05-05T08:55:02","modified_gmt":"2023-05-05T07:55:02","slug":"le-maire-de-dakar-aux-jeunes-dafrique-nous-sommes-les-gardiens-de-la-croissance-economique-durable-de-lafrique-cultivons-le-potentiel-de-creation-demploi","status":"publish","type":"post","link":"https:\/\/guineechrono.com\/index.php\/le-maire-de-dakar-aux-jeunes-dafrique-nous-sommes-les-gardiens-de-la-croissance-economique-durable-de-lafrique-cultivons-le-potentiel-de-creation-demploi\/","title":{"rendered":"Le maire de Dakar aux jeunes d\u2019Afrique : \u00ab nous sommes les gardiens de la croissance \u00e9conomique durable de l\u2019Afrique, cultivons le potentiel de cr\u00e9ation d\u2019emploi \u00bb"},"content":{"rendered":"<p><strong>Les activit\u00e9s du Forum Mondial de l\u2019Economie Sociale et Solidaire (GSEF) \u00a0ont \u00e9t\u00e9 lanc\u00e9es officiellement par le Pr\u00e9sident Macky Sall, ce jeudi 4 mai 2023 au Grand Th\u00e9\u00e2tre National de Dakar. <\/strong><\/p>\n<p>A cette occasion le maire de Dakar, Barth\u00e9l\u00e9my Toye Dias a lanc\u00e9 un message aux jeunes d\u2019Afrique.<\/p>\n<p>Dans son discours, le Maire de Dakar se dit conscient les d\u00e9fis aux quels le continent africain est confront\u00e9.<\/p>\n<p>\u00ab\u00a0Je demeure convaincu que nous avons le pouvoir de relever le d\u00e9fi auquel nous sommes confront\u00e9s aujourd\u2019hui. Si nous nous engageons fermement \u00e0 travailler ensemble ici \u00e0 Dakar, nous pouvons faire la diff\u00e9rence, les chiffres nous parlent. Un rapport de la Banque mondiale intitul\u00e9 \u2018\u2019Afrique Num\u00e9rique, Transformation Technologique pour Emploi\u2019\u2019 publi\u00e9 en mars de cette ann\u00e9e, r\u00e9v\u00e8le que l\u2019Afrique devrait devenir le plus grand march\u00e9 de l\u2019emploi au monde d\u2019ici 20100. Avec plus de 22 millions africains entrent chaque ann\u00e9e sur le march\u00e9 de l\u2019emploi. Il est cruciale pour les pays africains d\u2019adopter les technologies num\u00e9riques pour stimuler la productivit\u00e9 et cr\u00e9er des opportunit\u00e9s d\u2019emploi\u00a0\u00bb.<\/p>\n<p>Selon lui, nous devons tirer \u00e0 partir de la technologie pour relever le d\u00e9fi en mati\u00e8re d\u2019emploi et promouvoir une croissance \u00e9conomique durable.<\/p>\n<p>\u00ab\u00a0Permettez-moi avant d\u2019\u00e9voquer ces opportunit\u00e9s de faire un bref rappel des d\u00e9fis importants aux quels notre continent est confront\u00e9 en mati\u00e8re de qualit\u00e9 de l\u2019emploi et sa forte d\u00e9pendance \u00e0 l\u2019\u00e9gard des emplois informels.<\/p>\n<p>Selon le bureau international du travail, 95% des jeunes travailleurs africains sont employ\u00e9s dans le secteur informel\u00a0\u00bb.<\/p>\n<p>Dans la m\u00eame logique, le Maire Barth\u00e9l\u00e9my lance un message aux jeunes d\u2019Afrique. \u00ab\u00a0Jeune d\u2019ici, jeune d\u2019ailleurs, jeunes du monde, nous jeunes africains nous sommes les gardiens de la croissance \u00e9conomique durable de l\u2019Afrique, cultivons le potentiel de cr\u00e9ation d\u2019emploi, d\u2019extension \u00e9conomique et de r\u00e9duction de la pauvret\u00e9, sans notre participation, la vision de l\u2019Afrique forte et prosp\u00e8re pouvait rester une r\u00e9alit\u00e9 lointaine\u00a0\u00bb.<\/p>\n<p><strong>Aboubacar \u00a0Camara, envoy\u00e9 sp\u00e9cial <\/strong><\/p>\n","protected":false},"excerpt":{"rendered":"<p>Les activit\u00e9s du Forum Mondial de l\u2019Economie Sociale et Solidaire (GSEF) \u00a0ont \u00e9t\u00e9 lanc\u00e9es officiellement par le Pr\u00e9sident Macky Sall, ce jeudi 4 mai 2023 au Grand Th\u00e9\u00e2tre National de Dakar. A cette occasion le maire de Dakar, Barth\u00e9l\u00e9my Toye Dias a lanc\u00e9 un message aux jeunes d\u2019Afrique. Dans son discours, le Maire de Dakar [&hellip;]<\/p>\n","protected":false},"author":2,"featured_media":30556,"comment_status":"open","ping_status":"closed","sticky":false,"template":"","format":"standard","meta":{"buzzeditor_post_format":"","footnotes":""},"categories":[42],"tags":[],"class_list":["post-30555","post","type-post","status-publish","format-standard","has-post-thumbnail","hentry","category-news"],"jetpack_featured_media_url":"https:\/\/guineechrono.com\/wp-content\/uploads\/2023\/05\/dakar-1.jpg","amp_enabled":true,"_links":{"self":[{"href":"https:\/\/guineechrono.com\/index.php\/wp-json\/wp\/v2\/posts\/30555","targetHints":{"allow":["GET"]}}],"collection":[{"href":"https:\/\/guineechrono.com\/index.php\/wp-json\/wp\/v2\/posts"}],"about":[{"href":"https:\/\/guineechrono.com\/index.php\/wp-json\/wp\/v2\/types\/post"}],"author":[{"embeddable":true,"href":"https:\/\/guineechrono.com\/index.php\/wp-json\/wp\/v2\/users\/2"}],"replies":[{"embeddable":true,"href":"https:\/\/guineechrono.com\/index.php\/wp-json\/wp\/v2\/comments?post=30555"}],"version-history":[{"count":0,"href":"https:\/\/guineechrono.com\/index.php\/wp-json\/wp\/v2\/posts\/30555\/revisions"}],"wp:featuredmedia":[{"embeddable":true,"href":"https:\/\/guineechrono.com\/index.php\/wp-json\/wp\/v2\/media\/30556"}],"wp:attachment":[{"href":"https:\/\/guineechrono.com\/index.php\/wp-json\/wp\/v2\/media?parent=30555"}],"wp:term":[{"taxonomy":"category","embeddable":true,"href":"https:\/\/guineechrono.com\/index.php\/wp-json\/wp\/v2\/categories?post=30555"},{"taxonomy":"post_tag","embeddable":true,"href":"https:\/\/guineechrono.com\/index.php\/wp-json\/wp\/v2\/tags?post=30555"}],"curies":[{"name":"wp","href":"https:\/\/api.w.org\/{rel}","templated":true}]}}