{"id":30576,"date":"2023-05-06T10:29:08","date_gmt":"2023-05-06T09:29:08","guid":{"rendered":"https:\/\/guineechrono.com\/?p=30576"},"modified":"2023-05-10T11:15:43","modified_gmt":"2023-05-10T10:15:43","slug":"dakar-fin-des-travaux-de-la-6eme-edition-du-forum-mondial-de-leconomie-sociale-et-solidaire","status":"publish","type":"post","link":"https:\/\/guineechrono.com\/index.php\/dakar-fin-des-travaux-de-la-6eme-edition-du-forum-mondial-de-leconomie-sociale-et-solidaire\/","title":{"rendered":"Dakar : fin des travaux de la 6\u00e8me \u00e9dition du Forum Mondial de l\u2019Economie Sociale et Solidaire"},"content":{"rendered":"<p><strong>Apr\u00e8s six jours d\u2019activit\u00e9s, les rideaux sont tomb\u00e9s le Samedi, 06 Mai 2023 \u00a0sur la 6<sup>\u00e8me<\/sup> \u00e9dition du Forum Mondial de l\u2019Economie Sociale et Solidaire \u00e0 Dakar. <\/strong><\/p>\n<p>La c\u00e9r\u00e9monie de cl\u00f4ture a \u00e9t\u00e9 pr\u00e9sid\u00e9e par la Madame Victorine Anquediche NDEYE, Ministre de la Microfinance et de l\u2019\u00c9conomie sociale et solidaire en pr\u00e9sence des maires des communes du S\u00e9n\u00e9gal et ceux de Bordeaux en France. Il faut signaler que la 7<sup>\u00e8me<\/sup> \u00e9dition aura lieu \u00e0 Bordeaux en France en 2025.<\/p>\n<p><strong>Voici la d\u00e9claration finale. <\/strong><\/p>\n<p><a href=\"https:\/\/guineechrono.com\/wp-content\/uploads\/2023\/05\/declaration-finale.png\"><img fetchpriority=\"high\" decoding=\"async\" class=\"alignnone size-medium wp-image-30577\" src=\"https:\/\/guineechrono.com\/wp-content\/uploads\/2023\/05\/declaration-finale-232x300.png\" alt=\"\" width=\"232\" height=\"300\" srcset=\"https:\/\/guineechrono.com\/wp-content\/uploads\/2023\/05\/declaration-finale-232x300.png 232w, https:\/\/guineechrono.com\/wp-content\/uploads\/2023\/05\/declaration-finale-696x900.png 696w, https:\/\/guineechrono.com\/wp-content\/uploads\/2023\/05\/declaration-finale-325x420.png 325w, https:\/\/guineechrono.com\/wp-content\/uploads\/2023\/05\/declaration-finale.png 750w\" sizes=\"(max-width: 232px) 100vw, 232px\" \/><\/a><\/p>\n<p>&nbsp;<\/p>\n","protected":false},"excerpt":{"rendered":"<p>Apr\u00e8s six jours d\u2019activit\u00e9s, les rideaux sont tomb\u00e9s le Samedi, 06 Mai 2023 \u00a0sur la 6\u00e8me \u00e9dition du Forum Mondial de l\u2019Economie Sociale et Solidaire \u00e0 Dakar. La c\u00e9r\u00e9monie de cl\u00f4ture a \u00e9t\u00e9 pr\u00e9sid\u00e9e par la Madame Victorine Anquediche NDEYE, Ministre de la Microfinance et de l\u2019\u00c9conomie sociale et solidaire en pr\u00e9sence des maires des [&hellip;]<\/p>\n","protected":false},"author":2,"featured_media":30578,"comment_status":"open","ping_status":"closed","sticky":false,"template":"","format":"standard","meta":{"buzzeditor_post_format":"","footnotes":""},"categories":[42],"tags":[],"class_list":["post-30576","post","type-post","status-publish","format-standard","has-post-thumbnail","hentry","category-news"],"jetpack_featured_media_url":"https:\/\/guineechrono.com\/wp-content\/uploads\/2023\/05\/forummm.png","amp_enabled":true,"_links":{"self":[{"href":"https:\/\/guineechrono.com\/index.php\/wp-json\/wp\/v2\/posts\/30576","targetHints":{"allow":["GET"]}}],"collection":[{"href":"https:\/\/guineechrono.com\/index.php\/wp-json\/wp\/v2\/posts"}],"about":[{"href":"https:\/\/guineechrono.com\/index.php\/wp-json\/wp\/v2\/types\/post"}],"author":[{"embeddable":true,"href":"https:\/\/guineechrono.com\/index.php\/wp-json\/wp\/v2\/users\/2"}],"replies":[{"embeddable":true,"href":"https:\/\/guineechrono.com\/index.php\/wp-json\/wp\/v2\/comments?post=30576"}],"version-history":[{"count":0,"href":"https:\/\/guineechrono.com\/index.php\/wp-json\/wp\/v2\/posts\/30576\/revisions"}],"wp:featuredmedia":[{"embeddable":true,"href":"https:\/\/guineechrono.com\/index.php\/wp-json\/wp\/v2\/media\/30578"}],"wp:attachment":[{"href":"https:\/\/guineechrono.com\/index.php\/wp-json\/wp\/v2\/media?parent=30576"}],"wp:term":[{"taxonomy":"category","embeddable":true,"href":"https:\/\/guineechrono.com\/index.php\/wp-json\/wp\/v2\/categories?post=30576"},{"taxonomy":"post_tag","embeddable":true,"href":"https:\/\/guineechrono.com\/index.php\/wp-json\/wp\/v2\/tags?post=30576"}],"curies":[{"name":"wp","href":"https:\/\/api.w.org\/{rel}","templated":true}]}}