{"id":30583,"date":"2023-05-07T12:01:39","date_gmt":"2023-05-07T11:01:39","guid":{"rendered":"https:\/\/guineechrono.com\/?p=30583"},"modified":"2023-05-10T12:03:53","modified_gmt":"2023-05-10T11:03:53","slug":"district-de-foorball-de-ratoma-des-hommages-a-lamine-soumah-lazo","status":"publish","type":"post","link":"https:\/\/guineechrono.com\/index.php\/district-de-foorball-de-ratoma-des-hommages-a-lamine-soumah-lazo\/","title":{"rendered":"District de foorball de Ratoma : des hommages \u00e0 Lamine Soumah Lazo"},"content":{"rendered":"<h2><strong>D\u00e9c\u00e9d\u00e9 le 26 d\u00e9cembre 2021, Lamine Soumah, Lazo \u00e9tait un membre influant du bureau ex\u00e9cutif charg\u00e9 des p\u00e9nalit\u00e9s. Un an apr\u00e8s sa disparition ses anciens collaborateurs se souviennent de lui. <\/strong><\/h2>\n<h2>Apr\u00e8s la lecture du saint coran organis\u00e9e le jeudi 4 Mai dernier en famille, ils se sont donn\u00e9 rendez-vous ce samedi soir 6 Mai au stade de proximit\u00e9 de Lambanyi pour jouer un match de gala en sa m\u00e9moire.<\/h2>\n<h2>Amis, parents et sympathisants \u00e9taient tous mobilis\u00e9s pour la circonstance en vue de rendre hommage \u00e0 feu Lazo.<\/h2>\n<h2>Selon Elhadj Mamadou Alpha Hann, Pr\u00e9sident du District, la disparition de Lazo est une perte \u00e9norme pour sa famille certes, mais elle l&rsquo;est beaucoup plus pour la commune et la jeunesse. Car de son vivant Lazo a \u00e9norm\u00e9ment travaill\u00e9 pour le d\u00e9veloppement du football \u00e0 Ratoma. Mieux il \u00e9tait au service de tout le monde.<\/h2>\n<h2>C&rsquo;est pour cette raison qu&rsquo;ils ont tenu \u00e0 travers ces deux journ\u00e9es comm\u00e9moratives lui rendre hommage et prouv\u00e9 \u00e0 l&rsquo;opinion que cet homme n&rsquo;a pas v\u00e9cu pour rien.<\/h2>\n<p>&nbsp;<\/p>\n<p><strong>R\u00e9daction <\/strong><\/p>\n","protected":false},"excerpt":{"rendered":"<p>D\u00e9c\u00e9d\u00e9 le 26 d\u00e9cembre 2021, Lamine Soumah, Lazo \u00e9tait un membre influant du bureau ex\u00e9cutif charg\u00e9 des p\u00e9nalit\u00e9s. Un an apr\u00e8s sa disparition ses anciens collaborateurs se souviennent de lui. Apr\u00e8s la lecture du saint coran organis\u00e9e le jeudi 4 Mai dernier en famille, ils se sont donn\u00e9 rendez-vous ce samedi soir 6 Mai au [&hellip;]<\/p>\n","protected":false},"author":2,"featured_media":30584,"comment_status":"open","ping_status":"closed","sticky":false,"template":"","format":"standard","meta":{"buzzeditor_post_format":"","footnotes":""},"categories":[45],"tags":[],"class_list":["post-30583","post","type-post","status-publish","format-standard","has-post-thumbnail","hentry","category-sport"],"jetpack_featured_media_url":"https:\/\/guineechrono.com\/wp-content\/uploads\/2023\/05\/hommage.jpg","amp_enabled":true,"_links":{"self":[{"href":"https:\/\/guineechrono.com\/index.php\/wp-json\/wp\/v2\/posts\/30583","targetHints":{"allow":["GET"]}}],"collection":[{"href":"https:\/\/guineechrono.com\/index.php\/wp-json\/wp\/v2\/posts"}],"about":[{"href":"https:\/\/guineechrono.com\/index.php\/wp-json\/wp\/v2\/types\/post"}],"author":[{"embeddable":true,"href":"https:\/\/guineechrono.com\/index.php\/wp-json\/wp\/v2\/users\/2"}],"replies":[{"embeddable":true,"href":"https:\/\/guineechrono.com\/index.php\/wp-json\/wp\/v2\/comments?post=30583"}],"version-history":[{"count":0,"href":"https:\/\/guineechrono.com\/index.php\/wp-json\/wp\/v2\/posts\/30583\/revisions"}],"wp:featuredmedia":[{"embeddable":true,"href":"https:\/\/guineechrono.com\/index.php\/wp-json\/wp\/v2\/media\/30584"}],"wp:attachment":[{"href":"https:\/\/guineechrono.com\/index.php\/wp-json\/wp\/v2\/media?parent=30583"}],"wp:term":[{"taxonomy":"category","embeddable":true,"href":"https:\/\/guineechrono.com\/index.php\/wp-json\/wp\/v2\/categories?post=30583"},{"taxonomy":"post_tag","embeddable":true,"href":"https:\/\/guineechrono.com\/index.php\/wp-json\/wp\/v2\/tags?post=30583"}],"curies":[{"name":"wp","href":"https:\/\/api.w.org\/{rel}","templated":true}]}}